{"id":15466,"date":"2024-06-27T21:20:06","date_gmt":"2024-06-28T00:20:06","guid":{"rendered":"https:\/\/hostnetart.com.br\/baixada\/cebb-inicia-negociacoes-da-campanha-nacional-2024-com-o-banco-do-brasil\/"},"modified":"2024-06-27T21:20:06","modified_gmt":"2024-06-28T00:20:06","slug":"cebb-inicia-negociacoes-da-campanha-nacional-2024-com-o-banco-do-brasil","status":"publish","type":"post","link":"https:\/\/hostnetart.com.br\/baixada\/cebb-inicia-negociacoes-da-campanha-nacional-2024-com-o-banco-do-brasil\/","title":{"rendered":"CEBB inicia negocia\u00e7\u00f5es da Campanha Nacional 2024 com o Banco do Brasil"},"content":{"rendered":"<\/p>\n<p>A Comiss\u00e3o de Empresa dos Funcion\u00e1rios do Banco do Brasil (CEBB) se reuniu com a dire\u00e7\u00e3o do Banco do Brasil (BB), na tarde desta quinta-feira (27), para iniciar as negocia\u00e7\u00f5es da Campanha Nacional 2024, visando a renova\u00e7\u00e3o do Acordo Coletivo de Trabalho (ACT). Nesta primeira reuni\u00e3o, foi estabelecido o calend\u00e1rio de negocia\u00e7\u00f5es.<\/p>\n<p>O Diretor de Assuntos Jur\u00eddicos do Sindicato dos Banc\u00e1rios da Baixada Fluminense,\u00a0Leandro Aresta, participou da reuni\u00e3o, representando a\u00a0Federa\u00e7\u00e3o dos Trabalhadores do Ramo Financeiro dos Estados do Rio de Janeiro e Esp\u00edrito Santo (Fetraf RJ\/ ES).<\/p>\n<p>Fernanda Lopes, funcion\u00e1ria do BB e coordenadora da CEBB, destacou os principais temas da minuta de reivindica\u00e7\u00f5es. Entre os temas abordados, a dirigente mencionou a necessidade de avan\u00e7os em rela\u00e7\u00e3o ao programa Performa, uma modifica\u00e7\u00e3o no formato de c\u00e1lculo do teto de tr\u00eas sal\u00e1rios da Participa\u00e7\u00e3o nos Lucros e Resultados (PLR), e a situa\u00e7\u00e3o dos bancos incorporados, cujos problemas se arrastam h\u00e1 anos. Ela enfatizou tamb\u00e9m que \u201cmuitos funcion\u00e1rios desses bancos se sentem discriminados e n\u00e3o pertencentes, e que \u00e9 necess\u00e1rio resolver essas quest\u00f5es.\u201d<\/p>\n<p>Outros pontos destacados pela coordenadora incluem as \u201cmetas e o adoecimento dos funcion\u00e1rios, especialmente no que diz respeito ao alto \u00edndice de adoecimento mental devido \u00e0 press\u00e3o por metas\u201d. Fernanda ressaltou ainda a import\u00e2ncia de olhar com cuidado para os caixas, considerado um grupamento muito importante dentro do banco, al\u00e9m da quest\u00e3o da terceiriza\u00e7\u00e3o de muitos setores.<\/p>\n<p>As negocia\u00e7\u00f5es da Campanha Nacional 2024 continuar\u00e3o conforme o calend\u00e1rio estabelecido. Veja a seguir.<\/p>\n<p><strong>Julho<\/strong><\/p>\n<p>3 \u2013 Emprego<br \/>12 \u2013 Cl\u00e1usulas sociais<br \/>19 \u2013 Igualdade de Oportunidades<br \/>26 \u2013 Sa\u00fade e condi\u00e7\u00f5es de trabalho\u00a0<\/p>\n<p><strong>Agosto<\/strong><\/p>\n<p>7 \u2013 Sa\u00fade e condi\u00e7\u00f5es de trabalho<br \/>14 \u2013 Cl\u00e1usulas econ\u00f4micas<\/p>\n<p><b>Fonte: Contraf-CUT<\/b><\/p>\n","protected":false},"excerpt":{"rendered":"<p>A Comiss\u00e3o de Empresa dos Funcion\u00e1rios do Banco do Brasil (CEBB) se reuniu com a dire\u00e7\u00e3o do Banco do Brasil (BB), na tarde desta quinta-feira (27), para iniciar as negocia\u00e7\u00f5es da Campanha Nacional 2024, visando a renova\u00e7\u00e3o do Acordo Coletivo de Trabalho (ACT). Nesta primeira reuni\u00e3o, foi estabelecido o calend\u00e1rio de negocia\u00e7\u00f5es. O Diretor de [&hellip;]<\/p>\n","protected":false},"author":2,"featured_media":15465,"comment_status":"","ping_status":"","sticky":false,"template":"","format":"standard","meta":{"footnotes":""},"categories":[3],"tags":[],"class_list":["post-15466","post","type-post","status-publish","format-standard","has-post-thumbnail","hentry","category-noticias"],"_links":{"self":[{"href":"https:\/\/hostnetart.com.br\/baixada\/wp-json\/wp\/v2\/posts\/15466","targetHints":{"allow":["GET"]}}],"collection":[{"href":"https:\/\/hostnetart.com.br\/baixada\/wp-json\/wp\/v2\/posts"}],"about":[{"href":"https:\/\/hostnetart.com.br\/baixada\/wp-json\/wp\/v2\/types\/post"}],"author":[{"embeddable":true,"href":"https:\/\/hostnetart.com.br\/baixada\/wp-json\/wp\/v2\/users\/2"}],"replies":[{"embeddable":true,"href":"https:\/\/hostnetart.com.br\/baixada\/wp-json\/wp\/v2\/comments?post=15466"}],"version-history":[{"count":0,"href":"https:\/\/hostnetart.com.br\/baixada\/wp-json\/wp\/v2\/posts\/15466\/revisions"}],"wp:featuredmedia":[{"embeddable":true,"href":"https:\/\/hostnetart.com.br\/baixada\/wp-json\/wp\/v2\/media\/15465"}],"wp:attachment":[{"href":"https:\/\/hostnetart.com.br\/baixada\/wp-json\/wp\/v2\/media?parent=15466"}],"wp:term":[{"taxonomy":"category","embeddable":true,"href":"https:\/\/hostnetart.com.br\/baixada\/wp-json\/wp\/v2\/categories?post=15466"},{"taxonomy":"post_tag","embeddable":true,"href":"https:\/\/hostnetart.com.br\/baixada\/wp-json\/wp\/v2\/tags?post=15466"}],"curies":[{"name":"wp","href":"https:\/\/api.w.org\/{rel}","templated":true}]}}