{"id":15464,"date":"2024-06-26T19:37:22","date_gmt":"2024-06-26T22:37:22","guid":{"rendered":"https:\/\/hostnetart.com.br\/baixada\/1-mesa-de-negociacao-cobra-a-garantia-de-empregos-e-ultratividade-do-acordo\/"},"modified":"2024-06-26T19:37:22","modified_gmt":"2024-06-26T22:37:22","slug":"1-mesa-de-negociacao-cobra-a-garantia-de-empregos-e-ultratividade-do-acordo","status":"publish","type":"post","link":"https:\/\/hostnetart.com.br\/baixada\/1-mesa-de-negociacao-cobra-a-garantia-de-empregos-e-ultratividade-do-acordo\/","title":{"rendered":"1\u00aa mesa de negocia\u00e7\u00e3o cobra a garantia de empregos e ultratividade do acordo"},"content":{"rendered":"<p>\u00a0<\/p>\n<p>Nesta quarta-feira, 26 de junho, o Comando Nacional dos Banc\u00e1rios se reuniu com representantes da Federa\u00e7\u00e3o Nacional dos Bancos (Fenaban), para a primeira reuni\u00e3o de negocia\u00e7\u00e3o, que tratou sobre \u201cEmprego\u201d. Antes de entrar no tema, os trabalhadores cobraram a assinatura da ultratividade do acordo, para que todos os direitos da Conven\u00e7\u00e3o Coletiva de Trabalho (CCT) da categoria sigam v\u00e1lidos at\u00e9 a assinatura do novo acordo.<\/p>\n<p>&#8220;N\u00f3s decidimos iniciar a mesa de negocia\u00e7\u00e3o com este pedido, para seguirmos os pr\u00f3ximos passos com serenidade, tendo essa garantia de que nossos direitos seguir\u00e3o valendo, at\u00e9 a renova\u00e7\u00e3o do acordo&#8221;, explicou a coordenadora do Comando Nacional dos Banc\u00e1rios, Juvandia Moreira.<\/p>\n<p><strong>N\u00fameros<\/strong><\/p>\n<p>Ao entrar no tema central da mesa, os trabalhadores apontaram que o setor banc\u00e1rio est\u00e1 na contram\u00e3o de todos os demais setores do ramo financeiro, enxugando vagas e fechando ag\u00eancias.<\/p>\n<p>Segundo dados da RAIS (base de dados estat\u00edsticos, organizados pelo Minist\u00e9rio do Trabalho e Previd\u00eancia), entre 2012 e 2022, a categoria banc\u00e1ria saiu de 513 mil pessoas para 433 mil, redu\u00e7\u00e3o de 16% (79,5 mil). No mesmo per\u00edodo, as demais categorias do ramo financeiro aumentaram em 72% os postos de trabalho, passando de 323 mil para 555 mil.<\/p>\n<p>Enquanto isso, nos \u00faltimos cinco anos, os bancos fecharam mais de 3 mil ag\u00eancias, a maioria nas \u00e1reas com elevada necessidade social, ou seja, fora dos grandes centros, deixando as pequenas cidades desassistidas do servi\u00e7o banc\u00e1rio.<\/p>\n<p>O Comando Nacional tamb\u00e9m revelou aos banqueiros que a Consulta Nacional deste ano apontou que para 68% dos trabalhadores dos bancos privados a principal preocupa\u00e7\u00e3o \u00e9 com a garantia do emprego.\u00a0<\/p>\n<p>A Fenaban alegou que as vagas de emprego dependem de crescimento econ\u00f4mico. O Comando, ent\u00e3o, prop\u00f4s a assinatura de uma carta conjunta para cobrarem juntos, do Banco Central, <a href=\"https:\/\/contrafcut.com.br\/noticias\/copom-boicota-a-economia-com-selic-em-10-5-alertam-trabalhadores\/\">a redu\u00e7\u00e3o da taxa b\u00e1sica de juros, a Selic<\/a>, que est\u00e1 em um percentual que faz com que o Brasil tenha um dos maiores juros reais do mundo, comprometendo o desenvolvimento do setor produtivo e a cria\u00e7\u00e3o de empregos. \u201cAo inv\u00e9s de colaborar com o crescimento do pa\u00eds, o BC est\u00e1 contribuindo com os que vivem de especula\u00e7\u00e3o financeira\u201d, refor\u00e7ou Juvandia.<\/p>\n<p><strong>Terceiriza\u00e7\u00e3o<\/strong><\/p>\n<p>Com base em levantamento do Departamento Intersindical de Estat\u00edstica e Estudos Socioecon\u00f4micos (Dieese), o Comando apontou tamb\u00e9m que, em 2023, os bancos aumentaram em 22% a contrata\u00e7\u00e3o de profissionais de TI, por\u00e9m, no mesmo ano, houve o aumento de 89% de profissionais terceirizados nesta mesma \u00e1rea.<\/p>\n<p>Os representantes dos trabalhadores destacaram o caso do Santander, que vem substituindo banc\u00e1rios por contratados PJ, com sal\u00e1rios de R$ 1.500, al\u00e9m de uma remunera\u00e7\u00e3o vari\u00e1vel. Esses mesmos funcion\u00e1rios t\u00eam acesso ao sistema do banco e atendem aos clientes, sendo que, em alguns lugares, h\u00e1 relatos de que chegam a realizar cinco visitas ao dia.\u00a0<\/p>\n<p><strong>Outras pautas da mesa<\/strong><\/p>\n<p>&#8211; Os trabalhadores cobraram ainda o retorno da homologa\u00e7\u00e3o nos sindicatos, para que as entidades possam acompanhar de perto todo o processo, para garantia de direitos dos desligados;<br \/>&#8211; Qualifica\u00e7\u00e3o e requalifica\u00e7\u00e3o profissional, sobretudo diante da revolu\u00e7\u00e3o tecnol\u00f3gica;<br \/>&#8211; Indeniza\u00e7\u00e3o adicional em caso de demiss\u00e3o.<\/p>\n<p><strong>Manifesta\u00e7\u00f5es nas redes sociais<\/strong><\/p>\n<p>Durante a reuni\u00e3o, banc\u00e1rios e banc\u00e1rias de todo o pa\u00eds foram mobilizadas para uma manifesta\u00e7\u00e3o nas redes sociais, com o uso da <a href=\"https:\/\/contrafcut.com.br\/noticias\/tuitaco-trabalhadores-cobram-de-bancos-fim-de-demissoes-com-protestos-nesta-quarta-26\/\">hashtag #JuntosPorEmprego<\/a>. As atividades em rede resultaram em mais de 136 mil rea\u00e7\u00f5es e alcan\u00e7ou o 1\u00ba lugar nos t\u00f3picos mais comentados da rede X (ex-Twitter), no Brasil, nesta quarta-feira.<\/p>\n<p><strong>Calend\u00e1rio das pr\u00f3ximas reuni\u00f5es<\/strong><\/p>\n<p><em><strong>Julho<\/strong><\/em><br \/>2\/07 \u2013 Cl\u00e1usulas sociais<br \/>11\/07 \u2013 Igualdade de oportunidades<br \/>18 e 26\/07 \u2013 Sa\u00fade e condi\u00e7\u00f5es de trabalho: incluindo discuss\u00f5es sobre pessoas com defici\u00eancia (PCDs), neurodivergentes e combate aos programas de metas abusivas<\/p>\n<p><em><strong>Agosto<\/strong><\/em><br \/>6 e 13\/08 \u2013 Cl\u00e1usulas econ\u00f4micas<br \/>20\/07 \u2013 Em defini\u00e7\u00e3o<br \/>27\/07 \u2013 Em defini\u00e7\u00e3o<\/p>\n<p>*<i>com informa\u00e7\u00f5es da Contraf-CUT<\/i><\/p>\n<p>\u00a0<\/p>\n<p>\u00a0<\/p>\n","protected":false},"excerpt":{"rendered":"<p>\u00a0 Nesta quarta-feira, 26 de junho, o Comando Nacional dos Banc\u00e1rios se reuniu com representantes da Federa\u00e7\u00e3o Nacional dos Bancos (Fenaban), para a primeira reuni\u00e3o de negocia\u00e7\u00e3o, que tratou sobre \u201cEmprego\u201d. Antes de entrar no tema, os trabalhadores cobraram a assinatura da ultratividade do acordo, para que todos os direitos da Conven\u00e7\u00e3o Coletiva de Trabalho [&hellip;]<\/p>\n","protected":false},"author":2,"featured_media":15463,"comment_status":"","ping_status":"","sticky":false,"template":"","format":"standard","meta":{"footnotes":""},"categories":[3],"tags":[],"class_list":["post-15464","post","type-post","status-publish","format-standard","has-post-thumbnail","hentry","category-noticias"],"_links":{"self":[{"href":"https:\/\/hostnetart.com.br\/baixada\/wp-json\/wp\/v2\/posts\/15464","targetHints":{"allow":["GET"]}}],"collection":[{"href":"https:\/\/hostnetart.com.br\/baixada\/wp-json\/wp\/v2\/posts"}],"about":[{"href":"https:\/\/hostnetart.com.br\/baixada\/wp-json\/wp\/v2\/types\/post"}],"author":[{"embeddable":true,"href":"https:\/\/hostnetart.com.br\/baixada\/wp-json\/wp\/v2\/users\/2"}],"replies":[{"embeddable":true,"href":"https:\/\/hostnetart.com.br\/baixada\/wp-json\/wp\/v2\/comments?post=15464"}],"version-history":[{"count":0,"href":"https:\/\/hostnetart.com.br\/baixada\/wp-json\/wp\/v2\/posts\/15464\/revisions"}],"wp:featuredmedia":[{"embeddable":true,"href":"https:\/\/hostnetart.com.br\/baixada\/wp-json\/wp\/v2\/media\/15463"}],"wp:attachment":[{"href":"https:\/\/hostnetart.com.br\/baixada\/wp-json\/wp\/v2\/media?parent=15464"}],"wp:term":[{"taxonomy":"category","embeddable":true,"href":"https:\/\/hostnetart.com.br\/baixada\/wp-json\/wp\/v2\/categories?post=15464"},{"taxonomy":"post_tag","embeddable":true,"href":"https:\/\/hostnetart.com.br\/baixada\/wp-json\/wp\/v2\/tags?post=15464"}],"curies":[{"name":"wp","href":"https:\/\/api.w.org\/{rel}","templated":true}]}}