{"id":1546,"date":"2013-10-03T00:00:00","date_gmt":"2013-10-03T03:00:00","guid":{"rendered":"https:\/\/hostnetart.com.br\/baixada\/inseguros-caixas-eletronicos-sao-desativados-a-noite-em-sao-paulo\/"},"modified":"2013-10-03T00:00:00","modified_gmt":"2013-10-03T03:00:00","slug":"inseguros-caixas-eletronicos-sao-desativados-a-noite-em-sao-paulo","status":"publish","type":"post","link":"https:\/\/hostnetart.com.br\/baixada\/inseguros-caixas-eletronicos-sao-desativados-a-noite-em-sao-paulo\/","title":{"rendered":"Inseguros, caixas eletr\u00f4nicos s\u00e3o desativados \u00e0 noite em S\u00e3o Paulo"},"content":{"rendered":"<p>A Contraf-CUT e a CNTV t\u00eam denunciado h\u00e1 muito tempo a inseguran\u00e7a nos caixas eletr\u00f4nicos, muitos instalados em locais totalmente inseguros, aumentando tanto o risco dos trabalhadores na hora do abastecimento como o risco dos clientes quando das opera\u00e7\u00f5es de saque e o risco dos comerciantes, sendo que muitos j\u00e1 cancelaram os conv\u00eanios com os bancos para a manuten\u00e7\u00e3o das m\u00e1quinas em seus estabelecimentos por medo de assaltos e explos\u00f5es.<\/p>\n<p>\u00a0<\/p>\n<p>O assunto foi tema de reportagem exibida na manh\u00e3 desta quinta-feira (3) do Bom Dia S\u00e3o Paulo, da Globo, mostrando que os bancos est\u00e3o inclusive desativando quase todos os caixas eletr\u00f4nicos \u00e0 noite e na madrugada da cidade de S\u00e3o Paulo.<\/p>\n<p>\u00a0<\/p>\n<p>Ao final da mat\u00e9ria, o apresentador do programa aponta que os bancos deveriam mudar as suas propagandas, pois n\u00e3o existe \u201cbanco dia e noite\u201d ou \u201cbanco 24 horas\u201d para utiliza\u00e7\u00e3o dos clientes.<\/p>\n<p>\u00a0<\/p>\n<p>\u00a0<\/p>\n<p><strong>Veja o v\u00eddeo da reportagem:<\/strong><\/p>\n<p>\u00a0<\/p>\n<p><a href=\"https:\/\/www.youtube.com\/watch?feature=player_embedded&amp;v=Ghx6Cjc8DrM\">watch?feature=player_embedded&amp;v=Ghx6Cjc8DrM<\/a><\/p>\n<p>\u00a0<\/p>\n<p>Esse grave problema de inseguran\u00e7a ocorre porque os bancos instalam caixas eletr\u00f4nicos na perspectiva de reduzir custos para aumentar ainda mais os seus lucros gigantescos, descuidando da seguran\u00e7a, seja dos trabalhadores que fazem o abastecimento do dinheiro, seja da popula\u00e7\u00e3o que realiza saques.<\/p>\n<p>\u00a0<\/p>\n<p>\u201cN\u00e3o \u00e9 \u00e0 toa que defendemos a instala\u00e7\u00e3o de caixas eletr\u00f4nicos em locais seguros, como \u00e9 o caso de ag\u00eancias e postos de atendimento banc\u00e1rio, onde h\u00e1 banc\u00e1rios e vigilantes, equipamentos de seguran\u00e7a e condi\u00e7\u00f5es para prestar atendimento de qualidade aos clientes, \u00e0 altura dos juros e tarifas cobrados pelos bancos\u201d, afirma o secret\u00e1rio de imprensa da Contraf-CUT e coordenador do Coletivo Nacional de Seguran\u00e7a Banc\u00e1ria, Ademir Wiederkehr.<\/p>\n<p>\u00a0<\/p>\n<p>Fonte: Contraf-CUT com Bom Dia S\u00e3o Paulo<\/p>\n","protected":false},"excerpt":{"rendered":"<p>A Contraf-CUT e a CNTV t\u00eam denunciado h\u00e1 muito tempo a inseguran\u00e7a nos caixas eletr\u00f4nicos, muitos instalados em locais totalmente inseguros, aumentando tanto o risco dos trabalhadores na hora do abastecimento como o risco dos clientes quando das opera\u00e7\u00f5es de saque e o risco dos comerciantes, sendo que muitos j\u00e1 cancelaram os conv\u00eanios com os [&hellip;]<\/p>\n","protected":false},"author":1,"featured_media":0,"comment_status":"","ping_status":"","sticky":false,"template":"","format":"standard","meta":{"footnotes":""},"categories":[3],"tags":[],"class_list":["post-1546","post","type-post","status-publish","format-standard","hentry","category-noticias"],"_links":{"self":[{"href":"https:\/\/hostnetart.com.br\/baixada\/wp-json\/wp\/v2\/posts\/1546","targetHints":{"allow":["GET"]}}],"collection":[{"href":"https:\/\/hostnetart.com.br\/baixada\/wp-json\/wp\/v2\/posts"}],"about":[{"href":"https:\/\/hostnetart.com.br\/baixada\/wp-json\/wp\/v2\/types\/post"}],"author":[{"embeddable":true,"href":"https:\/\/hostnetart.com.br\/baixada\/wp-json\/wp\/v2\/users\/1"}],"replies":[{"embeddable":true,"href":"https:\/\/hostnetart.com.br\/baixada\/wp-json\/wp\/v2\/comments?post=1546"}],"version-history":[{"count":0,"href":"https:\/\/hostnetart.com.br\/baixada\/wp-json\/wp\/v2\/posts\/1546\/revisions"}],"wp:attachment":[{"href":"https:\/\/hostnetart.com.br\/baixada\/wp-json\/wp\/v2\/media?parent=1546"}],"wp:term":[{"taxonomy":"category","embeddable":true,"href":"https:\/\/hostnetart.com.br\/baixada\/wp-json\/wp\/v2\/categories?post=1546"},{"taxonomy":"post_tag","embeddable":true,"href":"https:\/\/hostnetart.com.br\/baixada\/wp-json\/wp\/v2\/tags?post=1546"}],"curies":[{"name":"wp","href":"https:\/\/api.w.org\/{rel}","templated":true}]}}