{"id":15456,"date":"2024-06-25T17:07:15","date_gmt":"2024-06-25T20:07:15","guid":{"rendered":"https:\/\/hostnetart.com.br\/baixada\/coe-entrega-minuta-de-reivindicacoes-ao-itau\/"},"modified":"2024-06-25T17:07:15","modified_gmt":"2024-06-25T20:07:15","slug":"coe-entrega-minuta-de-reivindicacoes-ao-itau","status":"publish","type":"post","link":"https:\/\/hostnetart.com.br\/baixada\/coe-entrega-minuta-de-reivindicacoes-ao-itau\/","title":{"rendered":"COE entrega minuta de reivindica\u00e7\u00f5es ao Ita\u00fa"},"content":{"rendered":"<p>A Comiss\u00e3o de Organiza\u00e7\u00e3o dos Empregados (COE) entregou a minuta espec\u00edfica de reivindica\u00e7\u00f5es ao banco Ita\u00fa na manh\u00e3 desta ter\u00e7a-feira (25). O documento, base para a renova\u00e7\u00e3o do Acordo Coletivo de Trabalho (ACT) do banco, foi definido no Encontro Nacional dos Trabalhadores do Ita\u00fa, realizado na sede da Confedera\u00e7\u00e3o Nacional dos Trabalhadores do Ramo Financeiro (Contraf-CUT) em S\u00e3o Paulo, no dia 6 de junho.<\/p>\n<p>Os principais pontos da pauta s\u00e3o emprego, remunera\u00e7\u00e3o, sa\u00fade, condi\u00e7\u00f5es de trabalho, plano de sa\u00fade, previd\u00eancia, seguran\u00e7a banc\u00e1ria e diversidade. \u201cEstamos enfrentando instabilidade nas institui\u00e7\u00f5es financeiras, com transforma\u00e7\u00e3o tecnol\u00f3gica e redu\u00e7\u00e3o de postos de trabalho. A press\u00e3o \u00e9 maior e o n\u00famero de adoecidos aumentou. Esperamos encontrar solu\u00e7\u00f5es nas mesas de negocia\u00e7\u00e3o com o Ita\u00fa\u201d, afirmou a coordenadora da COE, Valeska Pincovai.<\/p>\n<p>Para Valeska, um banco que lucra mais de R$ 35 bilh\u00f5es, em um ano, pode preservar empregos, debater a constru\u00e7\u00e3o do ramo e ampliar direitos dos trabalhadores. \u201cVamos nos concentrar em encontrar sa\u00eddas para os problemas e debater pautas como melhorar o plano de sa\u00fade para aposentados e ativos, discutir diversidade e construir a representa\u00e7\u00e3o dos trabalhadores. O banco se colocou \u00e0 disposi\u00e7\u00e3o para essa constru\u00e7\u00e3o, e nosso primeiro debate ser\u00e1 sobre o conv\u00eanio m\u00e9dico\u201d, completou.<\/p>\n<p>Durante o encontro, o banco concordou em construir um programa mais democr\u00e1tico e transparente, para que a COE acompanhe os trabalhadores no processo de reloca\u00e7\u00e3o e ofere\u00e7a mais alternativas para eles, ap\u00f3s o fechamento das ag\u00eancias.<\/p>\n<p>A outra coordenadora da COE, Maria Izabel Menezes, revelou que \u201creiteramos a import\u00e2ncia da negocia\u00e7\u00e3o da pauta espec\u00edfica para apresentar as principais demandas dos funcion\u00e1rios do Ita\u00fa, que vivem uma incerteza grande com o fechamento de ag\u00eancias e problemas com o plano de sa\u00fade.\u201d<\/p>\n<p>Ainda na reuni\u00e3o, o banco tamb\u00e9m anunciou a libera\u00e7\u00e3o de um empr\u00e9stimo para os funcion\u00e1rios do Rio Grande do Sul: o Empr\u00e9stimo Social.<\/p>\n<p><b>Fonte: Contraf-CUT<\/b><\/p>\n","protected":false},"excerpt":{"rendered":"<p>A Comiss\u00e3o de Organiza\u00e7\u00e3o dos Empregados (COE) entregou a minuta espec\u00edfica de reivindica\u00e7\u00f5es ao banco Ita\u00fa na manh\u00e3 desta ter\u00e7a-feira (25). O documento, base para a renova\u00e7\u00e3o do Acordo Coletivo de Trabalho (ACT) do banco, foi definido no Encontro Nacional dos Trabalhadores do Ita\u00fa, realizado na sede da Confedera\u00e7\u00e3o Nacional dos Trabalhadores do Ramo Financeiro [&hellip;]<\/p>\n","protected":false},"author":2,"featured_media":15455,"comment_status":"","ping_status":"","sticky":false,"template":"","format":"standard","meta":{"footnotes":""},"categories":[3],"tags":[],"class_list":["post-15456","post","type-post","status-publish","format-standard","has-post-thumbnail","hentry","category-noticias"],"_links":{"self":[{"href":"https:\/\/hostnetart.com.br\/baixada\/wp-json\/wp\/v2\/posts\/15456","targetHints":{"allow":["GET"]}}],"collection":[{"href":"https:\/\/hostnetart.com.br\/baixada\/wp-json\/wp\/v2\/posts"}],"about":[{"href":"https:\/\/hostnetart.com.br\/baixada\/wp-json\/wp\/v2\/types\/post"}],"author":[{"embeddable":true,"href":"https:\/\/hostnetart.com.br\/baixada\/wp-json\/wp\/v2\/users\/2"}],"replies":[{"embeddable":true,"href":"https:\/\/hostnetart.com.br\/baixada\/wp-json\/wp\/v2\/comments?post=15456"}],"version-history":[{"count":0,"href":"https:\/\/hostnetart.com.br\/baixada\/wp-json\/wp\/v2\/posts\/15456\/revisions"}],"wp:featuredmedia":[{"embeddable":true,"href":"https:\/\/hostnetart.com.br\/baixada\/wp-json\/wp\/v2\/media\/15455"}],"wp:attachment":[{"href":"https:\/\/hostnetart.com.br\/baixada\/wp-json\/wp\/v2\/media?parent=15456"}],"wp:term":[{"taxonomy":"category","embeddable":true,"href":"https:\/\/hostnetart.com.br\/baixada\/wp-json\/wp\/v2\/categories?post=15456"},{"taxonomy":"post_tag","embeddable":true,"href":"https:\/\/hostnetart.com.br\/baixada\/wp-json\/wp\/v2\/tags?post=15456"}],"curies":[{"name":"wp","href":"https:\/\/api.w.org\/{rel}","templated":true}]}}