{"id":15454,"date":"2024-06-25T14:56:55","date_gmt":"2024-06-25T17:56:55","guid":{"rendered":"https:\/\/hostnetart.com.br\/baixada\/funcef-quer-reuniao-para-tratar-do-contencioso-e-equacionamento\/"},"modified":"2024-06-25T14:56:55","modified_gmt":"2024-06-25T17:56:55","slug":"funcef-quer-reuniao-para-tratar-do-contencioso-e-equacionamento","status":"publish","type":"post","link":"https:\/\/hostnetart.com.br\/baixada\/funcef-quer-reuniao-para-tratar-do-contencioso-e-equacionamento\/","title":{"rendered":"Funcef quer reuni\u00e3o para tratar do contencioso e equacionamento"},"content":{"rendered":"<\/p>\n<p><a href=\"https:\/\/contrafcut.com.br\/noticias\/caixa-e-funcef-precisam-fornecer-dados-aos-participantes\/\" target=\"_blank\" rel=\"noopener noreferrer\">Ap\u00f3s press\u00e3o das entidades<\/a>\u00a0de representa\u00e7\u00e3o e associativas das empregadas e empregados da Caixa Econ\u00f4mica Federal e dos participantes dos fundos de pens\u00e3o, a Funda\u00e7\u00e3o dos Economi\u00e1rios Federais (Funcef) enviou of\u00edcios para a Confedera\u00e7\u00e3o Nacional dos Trabalhadores do Ramo Financeiro (Contraf-CUT) e para a Federa\u00e7\u00e3o Nacional das Associa\u00e7\u00f5es do Pessoal da Caixa (Fenae) pedindo para que as entidades indiquem, no m\u00ednimo, tr\u00eas datas para tratar sobre o equacionamento dos d\u00e9ficits do plano REG\/Replan, sobre o contencioso e sobre a taxa atuarial dos planos da Funcef.<\/p>\n<p>No of\u00edcio, a Funcef prop\u00f5e ainda que \u201co aprofundamento de cada assunto ocorra em dias diferentes, ou seja, uma reuni\u00e3o para Taxas de Juros, uma para Contencioso e outra para a Proposta de Redu\u00e7\u00e3o do Equacionamento do Reg\/Replan Saldado.\u201d<\/p>\n<p>\u201c\u00c9 importante que a Funcef tenha nos mandado of\u00edcio convidando para a reuni\u00e3o, mas insistimos que n\u00e3o basta ser uma reuni\u00e3o de esclarecimento do que a Funcef e a Caixa tenha definido. N\u00f3s, como representantes dos participantes dos planos, que s\u00e3o os donos do patrim\u00f4nio, queremos participar da constru\u00e7\u00e3o da proposta\u201d, disse o diretor da Contraf-CUT e coordenador da Comiss\u00e3o Executiva dos Empregados (CEE) da Caixa, Rafael de Castro.<\/p>\n<p>Al\u00e9m da Funcef e da Contraf-CUT, a Fenae e a Associa\u00e7\u00e3o Nacional dos Participantes de Fundos de Pens\u00e3o e dos Benefici\u00e1rios de Sa\u00fade Suplementar de Autogest\u00e3o (Anapar) participar\u00e3o da reuni\u00e3o.<\/p>\n<p>\u201cSeria importante, tamb\u00e9m, que a Caixa participasse deste processo de discuss\u00e3o, para que o grupo tenha mais autonomia para definir a proposta final. Sendo apenas com a Funcef, a proposta dever\u00e1, posteriormente, ser encaminhada para a aprova\u00e7\u00e3o pelo banco\u201d, disse a diretora executiva da Contraf-CUT, Eliana Brasil.<\/p>\n<p>\u201cQueremos resolver isso o mais r\u00e1pido poss\u00edvel, pois tem muita gente sofrendo com o equacionamento e o pagamento deste contencioso, passam por situa\u00e7\u00f5es de emerg\u00eancia e est\u00e3o sem dinheiro. Mas, ao mesmo tempo, n\u00e3o queremos que a Caixa e a Funcef aproveitem da situa\u00e7\u00e3o para tentar impor uma proposta com perdas para os participantes. Queremos construir uma proposta de forma conjunta, pois sabemos que d\u00e1 para chegarmos a uma solu\u00e7\u00e3o muito melhor para todos\u201d, concluiu o coordenador da CEE.<\/p>\n<p>A primeira reuni\u00e3o ser\u00e1 realizada no dia 2 de julho.<\/p>\n<p><b>Fonte: Contraf-CUT<\/b><\/p>\n","protected":false},"excerpt":{"rendered":"<p>Ap\u00f3s press\u00e3o das entidades\u00a0de representa\u00e7\u00e3o e associativas das empregadas e empregados da Caixa Econ\u00f4mica Federal e dos participantes dos fundos de pens\u00e3o, a Funda\u00e7\u00e3o dos Economi\u00e1rios Federais (Funcef) enviou of\u00edcios para a Confedera\u00e7\u00e3o Nacional dos Trabalhadores do Ramo Financeiro (Contraf-CUT) e para a Federa\u00e7\u00e3o Nacional das Associa\u00e7\u00f5es do Pessoal da Caixa (Fenae) pedindo para que [&hellip;]<\/p>\n","protected":false},"author":2,"featured_media":15453,"comment_status":"","ping_status":"","sticky":false,"template":"","format":"standard","meta":{"footnotes":""},"categories":[3],"tags":[],"class_list":["post-15454","post","type-post","status-publish","format-standard","has-post-thumbnail","hentry","category-noticias"],"_links":{"self":[{"href":"https:\/\/hostnetart.com.br\/baixada\/wp-json\/wp\/v2\/posts\/15454","targetHints":{"allow":["GET"]}}],"collection":[{"href":"https:\/\/hostnetart.com.br\/baixada\/wp-json\/wp\/v2\/posts"}],"about":[{"href":"https:\/\/hostnetart.com.br\/baixada\/wp-json\/wp\/v2\/types\/post"}],"author":[{"embeddable":true,"href":"https:\/\/hostnetart.com.br\/baixada\/wp-json\/wp\/v2\/users\/2"}],"replies":[{"embeddable":true,"href":"https:\/\/hostnetart.com.br\/baixada\/wp-json\/wp\/v2\/comments?post=15454"}],"version-history":[{"count":0,"href":"https:\/\/hostnetart.com.br\/baixada\/wp-json\/wp\/v2\/posts\/15454\/revisions"}],"wp:featuredmedia":[{"embeddable":true,"href":"https:\/\/hostnetart.com.br\/baixada\/wp-json\/wp\/v2\/media\/15453"}],"wp:attachment":[{"href":"https:\/\/hostnetart.com.br\/baixada\/wp-json\/wp\/v2\/media?parent=15454"}],"wp:term":[{"taxonomy":"category","embeddable":true,"href":"https:\/\/hostnetart.com.br\/baixada\/wp-json\/wp\/v2\/categories?post=15454"},{"taxonomy":"post_tag","embeddable":true,"href":"https:\/\/hostnetart.com.br\/baixada\/wp-json\/wp\/v2\/tags?post=15454"}],"curies":[{"name":"wp","href":"https:\/\/api.w.org\/{rel}","templated":true}]}}