{"id":15447,"date":"2024-06-21T20:37:34","date_gmt":"2024-06-21T23:37:34","guid":{"rendered":"https:\/\/hostnetart.com.br\/baixada\/movimento-sindical-questiona-e-caixa-vai-debater-proposta-de-reestruturacao\/"},"modified":"2024-06-21T20:37:34","modified_gmt":"2024-06-21T23:37:34","slug":"movimento-sindical-questiona-e-caixa-vai-debater-proposta-de-reestruturacao","status":"publish","type":"post","link":"https:\/\/hostnetart.com.br\/baixada\/movimento-sindical-questiona-e-caixa-vai-debater-proposta-de-reestruturacao\/","title":{"rendered":"Movimento Sindical questiona e Caixa vai debater proposta de reestrutura\u00e7\u00e3o"},"content":{"rendered":"<\/p>\n<section class=\"page-wrapper\">\n<div class=\"container\">\n<article class=\"article-content\">\n<section class=\"news-details\">\n<div class=\"news-details__body\">\n<div class=\"news-details__main-text visible\">\n<p>Em of\u00edcio enviado \u00e0 Caixa Econ\u00f4mica Federal, na segunda-feira (17), a Confedera\u00e7\u00e3o Nacional dos Trabalhadores do Ramo Financeiro (Contraf-CUT), ressalta a preocupa\u00e7\u00e3o com boatos sobre uma reestrutura\u00e7\u00e3o no banco, com mudan\u00e7a de perfil de atendimento de algumas unidades e o fechamento de ag\u00eancias, e solicita uma reuni\u00e3o para debater sobre o tema, \u201csobretudo no que tange aos direitos dos trabalhadores envolvidos\u201d. Ap\u00f3s receber o of\u00edcio, a Caixa agendou, para ter\u00e7a-feira (25), uma reuni\u00e3o para tratar do assunto.<\/p>\n<p>Em seu texto, a Contraf-CUT lembra que o Acordo Coletivo de Trabalho (ACT) vigente determina que qualquer reestrutura\u00e7\u00e3o que necessite da movimenta\u00e7\u00e3o f\u00edsica ou operacional dos empregados, deve ser previamente debatida com os representantes dos trabalhadores.<\/p>\n<p>\u201cN\u00e3o \u00e9 aceit\u00e1vel que qualquer destes processos afete negativamente os empregados, sobretudo com rela\u00e7\u00e3o \u00e0 remunera\u00e7\u00e3o, realoca\u00e7\u00e3o, plano de carreira e diversos temas constru\u00eddos individual e coletivamente pelos trabalhadores\u201d, disse o diretor da Contraf-CUT e coordenador da Comiss\u00e3o Executiva dos Empregados (CEE) da Caixa, Rafael de Castro.<\/p>\n<section class=\"block__body\">\n<div class=\"container\">\n<h3 contenteditable=\"false\"><strong>Preju\u00edzo aos clientes, ao com\u00e9rcio e ao pa\u00eds<\/strong><\/h3>\n<div contenteditable=\"false\">\n<p>O coordenador da CEE ressalta que a redu\u00e7\u00e3o do n\u00famero de unidades f\u00edsicas de atendimento pode prejudicar n\u00e3o apenas os empregados, mas toda a popula\u00e7\u00e3o, inclusive o com\u00e9rcio e a economia local das cidades e bairros localizados nas proximidades das ag\u00eancias escolhidas para serem fechadas.<\/p>\n<p>\u201cA Caixa desempenha um papel fundamental, de car\u00e1ter p\u00fablico e social, que pode ser afetado pela mudan\u00e7a do perfil de atendimento e fechamento de ag\u00eancias\u201d, disse Rafael. \u201cO banco presta um servi\u00e7o \u00e0 sociedade, que os demais bancos n\u00e3o t\u00eam interesse em prestar, por n\u00e3o lhes trazer retorno financeiro, que \u00e9 o atendimento \u00e0 popula\u00e7\u00e3o de baixa renda. Querer equiparar a atua\u00e7\u00e3o da Caixa \u00e0 de bancos que est\u00e3o abrindo unidades de neg\u00f3cios, sem levar em conta essa caracter\u00edstica da Caixa, \u00e9 desprezar a popula\u00e7\u00e3o atendida e a import\u00e2ncia social da Caixa, inclusive para a amplia\u00e7\u00e3o do atendimento banc\u00e1rio \u00e0 popula\u00e7\u00e3o, que \u00e9 uma obriga\u00e7\u00e3o prevista em lei\u201d, refor\u00e7ou o dirigente da Contraf-CUT.<\/p>\n<\/div>\n<\/div>\n<\/section>\n<section class=\"block__image\">\n<div class=\"container block__image-container--xl\"><img decoding=\"async\" contenteditable=\"false\" src=\"https:\/\/contrafcut.com.br\/data\/files\/D4\/D0\/29\/55\/87C30910DB114009820808A8\/WhatsApp%20Image%202024-06-21%20at%2016.34.17.jpeg\" srcset=\"https:\/\/contrafcut.com.br\/data\/files\/D4\/D0\/29\/55\/87C30910DB114009820808A8\/img_WhatsApp%20Image%202024-06-21%20at%2016.34.17_gd.webp 640w, https:\/\/contrafcut.com.br\/data\/files\/D4\/D0\/29\/55\/87C30910DB114009820808A8\/img_WhatsApp%20Image%202024-06-21%20at%2016.34.17_md.webp 480w, https:\/\/contrafcut.com.br\/data\/files\/D4\/D0\/29\/55\/87C30910DB114009820808A8\/img_WhatsApp%20Image%202024-06-21%20at%2016.34.17_pq.webp 320w, https:\/\/contrafcut.com.br\/data\/files\/D4\/D0\/29\/55\/87C30910DB114009820808A8\/WhatsApp%20Image%202024-06-21%20at%2016.34.17.jpeg\" alt=\"Texto descritivo da imagem aqui\" data-cfsrc=\"..\/..\/data\/files\/D4\/D0\/29\/55\/87C30910DB114009820808A8\/WhatsApp%20Image%202024-06-21%20at%2016.34.17.jpeg\" \/><\/div>\n<\/section>\n<\/div>\n<\/div>\n<\/section>\n<\/article>\n<div id=\"lumIId2C9580848F88EB85018F88EF653F0133\">\u00a0<\/div>\n<\/div>\n<\/section>\n<p><strong>Fonte: Contraf-CUT<\/strong><\/p>\n","protected":false},"excerpt":{"rendered":"<p>Em of\u00edcio enviado \u00e0 Caixa Econ\u00f4mica Federal, na segunda-feira (17), a Confedera\u00e7\u00e3o Nacional dos Trabalhadores do Ramo Financeiro (Contraf-CUT), ressalta a preocupa\u00e7\u00e3o com boatos sobre uma reestrutura\u00e7\u00e3o no banco, com mudan\u00e7a de perfil de atendimento de algumas unidades e o fechamento de ag\u00eancias, e solicita uma reuni\u00e3o para debater sobre o tema, \u201csobretudo no que [&hellip;]<\/p>\n","protected":false},"author":2,"featured_media":15446,"comment_status":"","ping_status":"","sticky":false,"template":"","format":"standard","meta":{"footnotes":""},"categories":[3],"tags":[],"class_list":["post-15447","post","type-post","status-publish","format-standard","has-post-thumbnail","hentry","category-noticias"],"_links":{"self":[{"href":"https:\/\/hostnetart.com.br\/baixada\/wp-json\/wp\/v2\/posts\/15447","targetHints":{"allow":["GET"]}}],"collection":[{"href":"https:\/\/hostnetart.com.br\/baixada\/wp-json\/wp\/v2\/posts"}],"about":[{"href":"https:\/\/hostnetart.com.br\/baixada\/wp-json\/wp\/v2\/types\/post"}],"author":[{"embeddable":true,"href":"https:\/\/hostnetart.com.br\/baixada\/wp-json\/wp\/v2\/users\/2"}],"replies":[{"embeddable":true,"href":"https:\/\/hostnetart.com.br\/baixada\/wp-json\/wp\/v2\/comments?post=15447"}],"version-history":[{"count":0,"href":"https:\/\/hostnetart.com.br\/baixada\/wp-json\/wp\/v2\/posts\/15447\/revisions"}],"wp:featuredmedia":[{"embeddable":true,"href":"https:\/\/hostnetart.com.br\/baixada\/wp-json\/wp\/v2\/media\/15446"}],"wp:attachment":[{"href":"https:\/\/hostnetart.com.br\/baixada\/wp-json\/wp\/v2\/media?parent=15447"}],"wp:term":[{"taxonomy":"category","embeddable":true,"href":"https:\/\/hostnetart.com.br\/baixada\/wp-json\/wp\/v2\/categories?post=15447"},{"taxonomy":"post_tag","embeddable":true,"href":"https:\/\/hostnetart.com.br\/baixada\/wp-json\/wp\/v2\/tags?post=15447"}],"curies":[{"name":"wp","href":"https:\/\/api.w.org\/{rel}","templated":true}]}}