{"id":15445,"date":"2024-06-21T20:36:21","date_gmt":"2024-06-21T23:36:21","guid":{"rendered":"https:\/\/hostnetart.com.br\/baixada\/campanha-nacional-defesa-dos-empregos-e-tema-de-primeira-reuniao-com-fenaban-no-dia-26\/"},"modified":"2024-06-21T20:36:21","modified_gmt":"2024-06-21T23:36:21","slug":"campanha-nacional-defesa-dos-empregos-e-tema-de-primeira-reuniao-com-fenaban-no-dia-26","status":"publish","type":"post","link":"https:\/\/hostnetart.com.br\/baixada\/campanha-nacional-defesa-dos-empregos-e-tema-de-primeira-reuniao-com-fenaban-no-dia-26\/","title":{"rendered":"Campanha Nacional: defesa dos empregos \u00e9 tema de primeira reuni\u00e3o com Fenaban, no dia 26"},"content":{"rendered":"<p>\u00a0<\/p>\n<p>O Comando Nacional dos Banc\u00e1rios se reunir\u00e1, na pr\u00f3xima quarta-feira (26), com a Federa\u00e7\u00e3o Nacional dos Bancos (Fenaban) para debater a defesa dos empregos na mesa \u201cTrabalho\u201d, como parte das negocia\u00e7\u00f5es da Campanha Nacional de 2024, para a renova\u00e7\u00e3o da Conven\u00e7\u00e3o Coletiva de Trabalho (CCT) da categoria.<\/p>\n<p>\u201cA categoria precisa estar mobilizada para fazermos um bom acordo coletivo\u201d, refor\u00e7a a coordenadora do Comando Nacional dos Banc\u00e1rios e presidenta da Confedera\u00e7\u00e3o Nacional dos Trabalhadores do Ramo Financeiro (Contraf-CUT), Juvandia Moreira.<\/p>\n<p><a href=\"https:\/\/contrafcut.com.br\/noticias\/resultados-e-conjuntura-impactam-negociacoes-deste-ano\/\">Segundo levantamento do Departamento Intersindical de Estat\u00edstica e Estudos Socioecon\u00f4micos (Dieese)<\/a>, mesmo com lucros bilion\u00e1rios, nos \u00faltimos cinco anos, os bancos fecharam 3,2 mil ag\u00eancias em todo o pa\u00eds (88% delas de estabelecimentos privados). No mesmo per\u00edodo, houve uma redu\u00e7\u00e3o de 20,7 mil postos de trabalho banc\u00e1rio.<\/p>\n<p>Juvandia Moreira, destaca que, somente em 2023, os bancos registraram no Brasil um crescimento de 5%, em compara\u00e7\u00e3o ao ano imediatamente anterior, o que significou um lucro l\u00edquido de R$ 145 bilh\u00f5es no per\u00edodo.<\/p>\n<p><a href=\"https:\/\/contrafcut.com.br\/noticias\/trabalhadores-entregam-reivindicacoes-aos-bancos\/\">Durante a entrega da minuta de reivindica\u00e7\u00f5es da categoria \u00e0 Fenaban<\/a>, no \u00faltimo dia 18, oficializando o in\u00edcio da Campanha Nacional, a dirigente colocou esses dados diante da Fenaban, ressaltando na ocasi\u00e3o que \u201cos lucros dos bancos s\u00e3o o resultado direto das trabalhadoras e dos trabalhadores\u201d e que, por conta disso, \u201ca expectativa dos trabalhadores \u00e9 de um bom acordo\u201d.<\/p>\n<p>O tema tamb\u00e9m ser\u00e1 debatido \u00e0 luz dos avan\u00e7os tecnol\u00f3gicos, especialmente o impacto da Intelig\u00eancia Artificial. \u201cAcreditamos que \u00e9 poss\u00edvel que a revolu\u00e7\u00e3o tecnol\u00f3gica pode ocorrer com a defesa dos empregos. Hoje, o que estamos assistindo, \u00e9 a redu\u00e7\u00e3o de postos com o aumento da sobrecarga, por isso, o setor vem registrando tamb\u00e9m altos \u00edndices de adoecimento entre a categoria, pela press\u00e3o por metas\u201d, ressalta a dirigente.<\/p>\n<p><strong>Fonte: Contraf-CUT<\/strong><\/p>\n","protected":false},"excerpt":{"rendered":"<p>\u00a0 O Comando Nacional dos Banc\u00e1rios se reunir\u00e1, na pr\u00f3xima quarta-feira (26), com a Federa\u00e7\u00e3o Nacional dos Bancos (Fenaban) para debater a defesa dos empregos na mesa \u201cTrabalho\u201d, como parte das negocia\u00e7\u00f5es da Campanha Nacional de 2024, para a renova\u00e7\u00e3o da Conven\u00e7\u00e3o Coletiva de Trabalho (CCT) da categoria. \u201cA categoria precisa estar mobilizada para fazermos [&hellip;]<\/p>\n","protected":false},"author":2,"featured_media":15444,"comment_status":"","ping_status":"","sticky":false,"template":"","format":"standard","meta":{"footnotes":""},"categories":[3],"tags":[],"class_list":["post-15445","post","type-post","status-publish","format-standard","has-post-thumbnail","hentry","category-noticias"],"_links":{"self":[{"href":"https:\/\/hostnetart.com.br\/baixada\/wp-json\/wp\/v2\/posts\/15445","targetHints":{"allow":["GET"]}}],"collection":[{"href":"https:\/\/hostnetart.com.br\/baixada\/wp-json\/wp\/v2\/posts"}],"about":[{"href":"https:\/\/hostnetart.com.br\/baixada\/wp-json\/wp\/v2\/types\/post"}],"author":[{"embeddable":true,"href":"https:\/\/hostnetart.com.br\/baixada\/wp-json\/wp\/v2\/users\/2"}],"replies":[{"embeddable":true,"href":"https:\/\/hostnetart.com.br\/baixada\/wp-json\/wp\/v2\/comments?post=15445"}],"version-history":[{"count":0,"href":"https:\/\/hostnetart.com.br\/baixada\/wp-json\/wp\/v2\/posts\/15445\/revisions"}],"wp:featuredmedia":[{"embeddable":true,"href":"https:\/\/hostnetart.com.br\/baixada\/wp-json\/wp\/v2\/media\/15444"}],"wp:attachment":[{"href":"https:\/\/hostnetart.com.br\/baixada\/wp-json\/wp\/v2\/media?parent=15445"}],"wp:term":[{"taxonomy":"category","embeddable":true,"href":"https:\/\/hostnetart.com.br\/baixada\/wp-json\/wp\/v2\/categories?post=15445"},{"taxonomy":"post_tag","embeddable":true,"href":"https:\/\/hostnetart.com.br\/baixada\/wp-json\/wp\/v2\/tags?post=15445"}],"curies":[{"name":"wp","href":"https:\/\/api.w.org\/{rel}","templated":true}]}}