{"id":15443,"date":"2024-06-21T18:33:32","date_gmt":"2024-06-21T21:33:32","guid":{"rendered":"https:\/\/hostnetart.com.br\/baixada\/trabalhadores-do-itau-entregam-pauta-especifica-de-reivindicacoes-no-dia-25\/"},"modified":"2024-06-21T18:33:32","modified_gmt":"2024-06-21T21:33:32","slug":"trabalhadores-do-itau-entregam-pauta-especifica-de-reivindicacoes-no-dia-25","status":"publish","type":"post","link":"https:\/\/hostnetart.com.br\/baixada\/trabalhadores-do-itau-entregam-pauta-especifica-de-reivindicacoes-no-dia-25\/","title":{"rendered":"Trabalhadores do Ita\u00fa entregam pauta espec\u00edfica de reivindica\u00e7\u00f5es no dia 25"},"content":{"rendered":"<\/p>\n<p>A Comiss\u00e3o de Organiza\u00e7\u00e3o dos Empregados (COE) vai entregar a minuta espec\u00edfica de reivindica\u00e7\u00f5es ao Ita\u00fa na pr\u00f3xima ter\u00e7a-feira (25). O documento servir\u00e1 de base para a renova\u00e7\u00e3o do Acordo Coletivo de Trabalho (ACT) espec\u00edfico do banco. Os pontos foram definidos no Encontro Nacional dos Trabalhadores do Ita\u00fa, realizado na sede da Confedera\u00e7\u00e3o Nacional dos Trabalhadores do Ramo Financeiro (Contraf-CUT), em S\u00e3o Paulo, no dia 6 de junho.<\/p>\n<p>Os principais pontos da pauta s\u00e3o emprego, remunera\u00e7\u00e3o, sa\u00fade, condi\u00e7\u00f5es de trabalho, plano de sa\u00fade, remunera\u00e7\u00e3o, previd\u00eancia, seguran\u00e7a banc\u00e1ria e diversidade. \u201cTemos muitos desafios pela frente. As mudan\u00e7as no setor financeiro e o avan\u00e7o da tecnologia e IA s\u00e3o inevit\u00e1veis e esperamos construir sa\u00eddas para a manuten\u00e7\u00e3o dos empregos e a garantia de direitos aos banc\u00e1rios\u201d, afirmou uma das coordenadoras da COE, Valeska Pincovai.<\/p>\n<p>\u201cA gente espera manter nosso canal de negocia\u00e7\u00e3o com o banco, que apesar de lento, j\u00e1 trouxe alguns avan\u00e7os. \u00c9 um canal que a gente quer sempre manter aberto, para conseguir dialogar, reivindicar junto ao banco uma s\u00e9rie de problemas que a gente sabe que ocorre na base\u201d, completou a outra coordenadora da COE, Maria Izabel Menezes.<\/p>\n<p><strong>Fonte: Contraf-CUT<\/strong><\/p>\n","protected":false},"excerpt":{"rendered":"<p>A Comiss\u00e3o de Organiza\u00e7\u00e3o dos Empregados (COE) vai entregar a minuta espec\u00edfica de reivindica\u00e7\u00f5es ao Ita\u00fa na pr\u00f3xima ter\u00e7a-feira (25). O documento servir\u00e1 de base para a renova\u00e7\u00e3o do Acordo Coletivo de Trabalho (ACT) espec\u00edfico do banco. Os pontos foram definidos no Encontro Nacional dos Trabalhadores do Ita\u00fa, realizado na sede da Confedera\u00e7\u00e3o Nacional dos [&hellip;]<\/p>\n","protected":false},"author":2,"featured_media":15442,"comment_status":"","ping_status":"","sticky":false,"template":"","format":"standard","meta":{"footnotes":""},"categories":[3],"tags":[],"class_list":["post-15443","post","type-post","status-publish","format-standard","has-post-thumbnail","hentry","category-noticias"],"_links":{"self":[{"href":"https:\/\/hostnetart.com.br\/baixada\/wp-json\/wp\/v2\/posts\/15443","targetHints":{"allow":["GET"]}}],"collection":[{"href":"https:\/\/hostnetart.com.br\/baixada\/wp-json\/wp\/v2\/posts"}],"about":[{"href":"https:\/\/hostnetart.com.br\/baixada\/wp-json\/wp\/v2\/types\/post"}],"author":[{"embeddable":true,"href":"https:\/\/hostnetart.com.br\/baixada\/wp-json\/wp\/v2\/users\/2"}],"replies":[{"embeddable":true,"href":"https:\/\/hostnetart.com.br\/baixada\/wp-json\/wp\/v2\/comments?post=15443"}],"version-history":[{"count":0,"href":"https:\/\/hostnetart.com.br\/baixada\/wp-json\/wp\/v2\/posts\/15443\/revisions"}],"wp:featuredmedia":[{"embeddable":true,"href":"https:\/\/hostnetart.com.br\/baixada\/wp-json\/wp\/v2\/media\/15442"}],"wp:attachment":[{"href":"https:\/\/hostnetart.com.br\/baixada\/wp-json\/wp\/v2\/media?parent=15443"}],"wp:term":[{"taxonomy":"category","embeddable":true,"href":"https:\/\/hostnetart.com.br\/baixada\/wp-json\/wp\/v2\/categories?post=15443"},{"taxonomy":"post_tag","embeddable":true,"href":"https:\/\/hostnetart.com.br\/baixada\/wp-json\/wp\/v2\/tags?post=15443"}],"curies":[{"name":"wp","href":"https:\/\/api.w.org\/{rel}","templated":true}]}}