{"id":1544,"date":"2013-10-03T00:00:00","date_gmt":"2013-10-03T03:00:00","guid":{"rendered":"https:\/\/hostnetart.com.br\/baixada\/comercio-teme-perdas-de-ate-30-por-greve-nos-bancos-e-pede-acordo\/"},"modified":"2013-10-03T00:00:00","modified_gmt":"2013-10-03T03:00:00","slug":"comercio-teme-perdas-de-ate-30-por-greve-nos-bancos-e-pede-acordo","status":"publish","type":"post","link":"https:\/\/hostnetart.com.br\/baixada\/comercio-teme-perdas-de-ate-30-por-greve-nos-bancos-e-pede-acordo\/","title":{"rendered":"Com\u00e9rcio teme perdas de at\u00e9 30% por greve nos bancos e pede acordo"},"content":{"rendered":"<p><strong>Reuters<\/strong><br \/><em>Marcela Ayres<\/em><\/p>\n<p>\u00a0<\/p>\n<p>S\u00c3O PAULO \u2013 A Confedera\u00e7\u00e3o Nacional de Dirigentes Lojistas (CNDL) mandou carta \u00e0 Federa\u00e7\u00e3o Brasileira dos Bancos (Febraban) nesta quinta-feira pedindo um acordo para o fim da greve dos banc\u00e1rios, estimando que o varejo pode sofrer perdas de at\u00e9 30 por cento nos primeiros dias de outubro caso a paralisa\u00e7\u00e3o se prolongue at\u00e9 o quinto dia \u00fatil do m\u00eas.<\/p>\n<p>\u00a0<\/p>\n<p>Como grande parte das empresas executam suas folhas de pagamento nesse per\u00edodo, a CNDL afirma que ele tamb\u00e9m responde por um dos momentos de maior consumo interno, com os trabalhadores fazendo opera\u00e7\u00f5es financeiras ap\u00f3s receberem seus sal\u00e1rios.<\/p>\n<p>\u00a0<\/p>\n<p>\u201cSe a greve se prolongar e alcan\u00e7ar o quinto dia \u00fatil do m\u00eas, o com\u00e9rcio pode sofrer perdas na ordem de 30 por cento no per\u00edodo\u201d, afirmou Roque Pelizzaro Junior, presidente da entidade, em comunicado.<\/p>\n<p>\u00a0<\/p>\n<p>A CNDL, que representa mais de 1,2 milh\u00e3o de pontos de venda no Brasil, pressiona por um acordo imediato para o fim da greve, que come\u00e7ou em 19 de setembro.<\/p>\n<p>\u00a0<\/p>\n<p>Na v\u00e9spera, o Comando Nacional dos Banc\u00e1rios anunciou a amplia\u00e7\u00e3o da paralisa\u00e7\u00e3o com o fechamento de 11.156 ag\u00eancias e centros administrativos no pa\u00eds, n\u00famero 81,5 por cento maior que o registrado no primeiro dia da greve, segundo o grupo.<\/p>\n<p>\u00a0<\/p>\n<p>No in\u00edcio de setembro, os trabalhadores rejeitaram em assembleias proposta de reajuste de 6,1 por cento formulada pela Federa\u00e7\u00e3o Nacional dos Bancos (Fenaban). Eles reivindicam um aumento salarial de 11,93 por cento e participa\u00e7\u00e3o nos lucros de tr\u00eas sal\u00e1rios acrescido de 5.553,15 reais, entre outras demandas.<\/p>\n<p>\u00a0<\/p>\n<p>\u201cVamos refor\u00e7ar ainda mais o movimento para quebrar a intransig\u00eancia da Fenaban e arrancar uma proposta decente\u201d, disse coordenador do Comando Nacional e presidente da Confedera\u00e7\u00e3o Nacional dos Trabalhadores do Ramo Financeiro (Contraf), Carlos Cordeiro, em comunicado no final da quarta-feira.<\/p>\n<p>\u00a0<\/p>\n<p>Procurada, a Febraban n\u00e3o se manifestou imediatamente nesta quinta-feira.<\/p>\n","protected":false},"excerpt":{"rendered":"<p>ReutersMarcela Ayres \u00a0 S\u00c3O PAULO \u2013 A Confedera\u00e7\u00e3o Nacional de Dirigentes Lojistas (CNDL) mandou carta \u00e0 Federa\u00e7\u00e3o Brasileira dos Bancos (Febraban) nesta quinta-feira pedindo um acordo para o fim da greve dos banc\u00e1rios, estimando que o varejo pode sofrer perdas de at\u00e9 30 por cento nos primeiros dias de outubro caso a paralisa\u00e7\u00e3o se prolongue [&hellip;]<\/p>\n","protected":false},"author":1,"featured_media":0,"comment_status":"","ping_status":"","sticky":false,"template":"","format":"standard","meta":{"footnotes":""},"categories":[3],"tags":[],"class_list":["post-1544","post","type-post","status-publish","format-standard","hentry","category-noticias"],"_links":{"self":[{"href":"https:\/\/hostnetart.com.br\/baixada\/wp-json\/wp\/v2\/posts\/1544","targetHints":{"allow":["GET"]}}],"collection":[{"href":"https:\/\/hostnetart.com.br\/baixada\/wp-json\/wp\/v2\/posts"}],"about":[{"href":"https:\/\/hostnetart.com.br\/baixada\/wp-json\/wp\/v2\/types\/post"}],"author":[{"embeddable":true,"href":"https:\/\/hostnetart.com.br\/baixada\/wp-json\/wp\/v2\/users\/1"}],"replies":[{"embeddable":true,"href":"https:\/\/hostnetart.com.br\/baixada\/wp-json\/wp\/v2\/comments?post=1544"}],"version-history":[{"count":0,"href":"https:\/\/hostnetart.com.br\/baixada\/wp-json\/wp\/v2\/posts\/1544\/revisions"}],"wp:attachment":[{"href":"https:\/\/hostnetart.com.br\/baixada\/wp-json\/wp\/v2\/media?parent=1544"}],"wp:term":[{"taxonomy":"category","embeddable":true,"href":"https:\/\/hostnetart.com.br\/baixada\/wp-json\/wp\/v2\/categories?post=1544"},{"taxonomy":"post_tag","embeddable":true,"href":"https:\/\/hostnetart.com.br\/baixada\/wp-json\/wp\/v2\/tags?post=1544"}],"curies":[{"name":"wp","href":"https:\/\/api.w.org\/{rel}","templated":true}]}}