{"id":15439,"date":"2024-06-20T14:42:23","date_gmt":"2024-06-20T17:42:23","guid":{"rendered":"https:\/\/hostnetart.com.br\/baixada\/intransigencia-da-caixa-encerra-negociacoes-sobre-reducao-de-jornada-para-pais-maes-e-responsaveis-por-pcd-e-neurodivergentes-tea\/"},"modified":"2024-06-20T14:42:23","modified_gmt":"2024-06-20T17:42:23","slug":"intransigencia-da-caixa-encerra-negociacoes-sobre-reducao-de-jornada-para-pais-maes-e-responsaveis-por-pcd-e-neurodivergentes-tea","status":"publish","type":"post","link":"https:\/\/hostnetart.com.br\/baixada\/intransigencia-da-caixa-encerra-negociacoes-sobre-reducao-de-jornada-para-pais-maes-e-responsaveis-por-pcd-e-neurodivergentes-tea\/","title":{"rendered":"Intransig\u00eancia da Caixa encerra negocia\u00e7\u00f5es sobre redu\u00e7\u00e3o de jornada para pais\/m\u00e3es e respons\u00e1veis por PcD e neurodivergentes (TEA)"},"content":{"rendered":"<p>\u00a0<\/p>\n<p>A reuni\u00e3o que negociaria a redu\u00e7\u00e3o de jornada para empregadas e empregados da Caixa Econ\u00f4mica Federal com defici\u00eancia e para aqueles que s\u00e3o pais\/m\u00e3es, ou respons\u00e1veis pelos cuidados de pessoas com defici\u00eancia (PcD) foi encerrada de forma brusca pelo banco, assim que a representa\u00e7\u00e3o dos trabalhadores questionou sobre \u201cpontos sens\u00edveis da proposta\u201d.<\/p>\n<p>\u201cA Caixa perdeu uma grande oportunidade de chegarmos a uma solu\u00e7\u00e3o para esta pend\u00eancia que afeta as colegas e os colegas com defici\u00eancia, ou que t\u00eam filhos ou dependentes com defici\u00eancia sob seus cuidados\u201d, disse o diretor da Confedera\u00e7\u00e3o Nacional dos Trabalhadores do Ramo Financeiro (Contraf-CUT) e coordenador da Comiss\u00e3o Executiva dos Empregados (CEE) da Caixa, Rafael de Castro. \u201cEstes colegas, que j\u00e1 sofrem com a falta de condi\u00e7\u00f5es de trabalho no banco, tiveram suas demandas relegadas a segundo plano pela Caixa, que queria us\u00e1-los como moeda de troca para tentar impor um banco de horas negativo aos seus quase 87 mil empregadas e empregados\u201d, completou.<\/p>\n<p>\u201cQuando questionamos pontos sens\u00edveis da proposta e tentamos aprofundar o debate de como seria o acesso ao direito, a Caixa travou o debate e encerrou a mesa de negocia\u00e7\u00f5es\u201d, disse a representante da Federa\u00e7\u00e3o dos Banc\u00e1rios da CUT do Estado de S\u00e3o Paulo (Fetec-CUT\/SP), Vivian S\u00e1.<\/p>\n<p>O representante da Federa\u00e7\u00e3o dos Empregados em Estabelecimentos Banc\u00e1rios (Feeb) de S\u00e3o Paulo e Mato Grosso do Sul, Tesifon Quevedo Neto, informou ainda que a Caixa havia reduzido o grupo de empregados a serem contemplados. \u201cA proposta de redu\u00e7\u00e3o de jornada se limitava aos pais\/m\u00e3es e respons\u00e1veis por PcD. As empregadas e empregados com defici\u00eancia n\u00e3o seriam contemplados\u201d, disse.<\/p>\n<p>\u00a0<\/p>\n<h2>E n\u00e3o era pra todos<\/h2>\n<p>A representante da Federa\u00e7\u00e3o dos Trabalhadores do Ramo Financeiro (Fetrafi) do Nordeste, C\u00e2ndida Fernandes, informou que, mesmo assim, n\u00e3o era garantido que todos os pais\/m\u00e3es e respons\u00e1veis pelos cuidados de PcD teriam direito \u00e0 redu\u00e7\u00e3o da jornada. \u201cA proposta da Caixa impunha uma s\u00e9rie de barreiras para a concess\u00e3o do direito de at\u00e9 25% da jornada di\u00e1ria. Este era o limite da redu\u00e7\u00e3o, que poderia ser menor a depender da an\u00e1lise de uma equipe multidisciplinar\u201d, explicou. \u201cPara fazer a an\u00e1lise a Caixa impunha que o empregado fornecesse informa\u00e7\u00f5es pessoais de todo o grupo familiar. A redu\u00e7\u00e3o, ou n\u00e3o, da jornada, assim como o percentual de redu\u00e7\u00e3o, dependeria da avalia\u00e7\u00e3o desta equipe, que analisaria se a fam\u00edlia, ou \u2018grupo de apoio\u2019, poderia ser acionado para ajudar nos cuidados do dependente PcD\u201d, continuou.<\/p>\n<p>\u00a0<\/p>\n<h2>Banco de horas<\/h2>\n<p>Paralelamente, o banco queria regulamentar um banco de horas negativas para todo o quadro de pessoal. \u201cA negocia\u00e7\u00e3o era para solucionar um problema que afeta os pais e m\u00e3es, ou respons\u00e1veis pelos cuidados de dependentes com defici\u00eancia. O banco queria incluir um \u2018jabuti\u2019 na negocia\u00e7\u00e3o\u201d, disse o representante da Feeb-BA\/SE, Emanoel de Souza, em compara\u00e7\u00e3o \u00e0 inser\u00e7\u00e3o, por deputados federais e senadores, de temas desconexos em projetos de lei que tramitam no Congresso Nacional.<\/p>\n<p>Segundo o representante da Federa\u00e7\u00e3o das Trabalhadoras e dos Trabalhadores no Ramo Financeiro do Estado do Rio de Janeiro (Federa-RJ), Rog\u00e9rio Campanate, da forma como est\u00e1, a proposta do banco de horas negativas pode levar \u00e0 implementa\u00e7\u00e3o do trabalho intermitente na Caixa. \u201cJ\u00e1 h\u00e1 algum tempo os representantes da Caixa fingem n\u00e3o saber que o banco concede poder ao gestor para que ele dispense o empregado em um dia mais tranquilo para gerar horas negativas e este empregado poder trabalhar al\u00e9m do hor\u00e1rio em dias de maior demanda, sem receber horas-extras. Isso \u00e9 uma caracter\u00edstica do contrato de trabalho intermitente. E n\u00e3o vamos aceitar que isso seja implementado na Caixa\u201d, disse.<\/p>\n<p>Para o representante da Fetrafi-SC, Edson Heemann, \u00e9 uma responsabilidade muito grande que est\u00e1 sendo dada para o gestor sobre o rendimento do empregado. \u201cMuitos negociam at\u00e9 as APIPs (Aus\u00eancias Permitidas Para Tratar de Interesse Particular) por metas. Quem bate meta \u00e9 atendido, quem n\u00e3o bate n\u00e3o \u00e9. \u00c9 preciso definir regras para impedir essas pr\u00e1ticas\u201d, disse.\u00a0\u201cTamb\u00e9m n\u00e3o d\u00e1 pra misturar as aus\u00eancias\/horas dos demais colegas para levar seu familiar ao m\u00e9dico com a necessidade espec\u00edfica dos pais\/m\u00e3es de PcD de levarem seus filhos ao m\u00e9dico ou tratamento. S\u00e3o necessidades bem distintas\u201d, completou.<\/p>\n<p>\u201cAl\u00e9m de tentar incluir um tema desconexo na proposta, queriam colocar barreiras para concess\u00e3o do direito de redu\u00e7\u00e3o de jornada para PcD e pais\/m\u00e3es de dependentes PcD, mas encerraram a mesa quando propusemos estabelecer regramentos para a amplia\u00e7\u00e3o do tempo de uso de horas negativas\u201d, disse a representante da Fetrafi-RS, Sabrina Muniz. \u201cAceitamos debater na mesa sobre banco de horas. Mas a Caixa queria clausular apenas o acesso ao direito, sem inibir o ass\u00e9dio contra empregados com rela\u00e7\u00e3o ao banco de horas\u201d, explicou.<\/p>\n<p>\u00a0<\/p>\n<h2>Home office sem direito<\/h2>\n<p>Questionada, a Caixa disse que a redu\u00e7\u00e3o de jornada n\u00e3o seria disponibilizada aos empregados que desempenham suas fun\u00e7\u00f5es em home office. A alega\u00e7\u00e3o \u00e9 a de que estes empregados t\u00eam hor\u00e1rio de trabalho flex\u00edvel e, por isso, n\u00e3o t\u00eam necessidade de ter a jornada reduzida.<\/p>\n<p>\u00a0<\/p>\n<h2>Sem respostas<\/h2>\n<p>O coordenador da CEE lembrou ainda que o brusco encerramento da mesa de negocia\u00e7\u00f5es pela Caixa gerou outros problemas nas negocia\u00e7\u00f5es. \u201cA Caixa n\u00e3o nos respondeu sobre a proposta de calend\u00e1rio para as negocia\u00e7\u00f5es, n\u00e3o respondeu sobre nossa proposta de retomada dos debates nos GTs espec\u00edficos do Sa\u00fade Caixa, Condi\u00e7\u00f5es de Trabalho, Promo\u00e7\u00e3o por M\u00e9rito, nem sobre a cria\u00e7\u00e3o de um GT para debater o equacionamento dos d\u00e9ficits da Funcef. Tamb\u00e9m ficou sem explica\u00e7\u00f5es o plano de fechamento de ag\u00eancias que vem sendo planejado pelo banco\u201d, observou. \u201cOu seja, com o encerramento da mesa de negocia\u00e7\u00e3o, a Caixa deixou assuntos fundamentais sem resposta\u201d, completou. \u201cCada dia desperdi\u00e7ado com esse tipo de postura significa mais inseguran\u00e7a para o empregado, que precisa ter suas reivindica\u00e7\u00f5es atendidas, e para o banco, que se exp\u00f5e ao mostrar falta de disposi\u00e7\u00e3o para negociar\u201d, concluiu.<\/p>\n<p><strong>Fonte: Contraf-CUT<\/strong><\/p>\n","protected":false},"excerpt":{"rendered":"<p>\u00a0 A reuni\u00e3o que negociaria a redu\u00e7\u00e3o de jornada para empregadas e empregados da Caixa Econ\u00f4mica Federal com defici\u00eancia e para aqueles que s\u00e3o pais\/m\u00e3es, ou respons\u00e1veis pelos cuidados de pessoas com defici\u00eancia (PcD) foi encerrada de forma brusca pelo banco, assim que a representa\u00e7\u00e3o dos trabalhadores questionou sobre \u201cpontos sens\u00edveis da proposta\u201d. \u201cA Caixa [&hellip;]<\/p>\n","protected":false},"author":2,"featured_media":15438,"comment_status":"","ping_status":"","sticky":false,"template":"","format":"standard","meta":{"footnotes":""},"categories":[3],"tags":[],"class_list":["post-15439","post","type-post","status-publish","format-standard","has-post-thumbnail","hentry","category-noticias"],"_links":{"self":[{"href":"https:\/\/hostnetart.com.br\/baixada\/wp-json\/wp\/v2\/posts\/15439","targetHints":{"allow":["GET"]}}],"collection":[{"href":"https:\/\/hostnetart.com.br\/baixada\/wp-json\/wp\/v2\/posts"}],"about":[{"href":"https:\/\/hostnetart.com.br\/baixada\/wp-json\/wp\/v2\/types\/post"}],"author":[{"embeddable":true,"href":"https:\/\/hostnetart.com.br\/baixada\/wp-json\/wp\/v2\/users\/2"}],"replies":[{"embeddable":true,"href":"https:\/\/hostnetart.com.br\/baixada\/wp-json\/wp\/v2\/comments?post=15439"}],"version-history":[{"count":0,"href":"https:\/\/hostnetart.com.br\/baixada\/wp-json\/wp\/v2\/posts\/15439\/revisions"}],"wp:featuredmedia":[{"embeddable":true,"href":"https:\/\/hostnetart.com.br\/baixada\/wp-json\/wp\/v2\/media\/15438"}],"wp:attachment":[{"href":"https:\/\/hostnetart.com.br\/baixada\/wp-json\/wp\/v2\/media?parent=15439"}],"wp:term":[{"taxonomy":"category","embeddable":true,"href":"https:\/\/hostnetart.com.br\/baixada\/wp-json\/wp\/v2\/categories?post=15439"},{"taxonomy":"post_tag","embeddable":true,"href":"https:\/\/hostnetart.com.br\/baixada\/wp-json\/wp\/v2\/tags?post=15439"}],"curies":[{"name":"wp","href":"https:\/\/api.w.org\/{rel}","templated":true}]}}