{"id":15429,"date":"2024-06-18T18:35:17","date_gmt":"2024-06-18T21:35:17","guid":{"rendered":"https:\/\/hostnetart.com.br\/baixada\/bancarios-iniciam-campanha-de-negociacao-salarial\/"},"modified":"2024-06-18T18:35:17","modified_gmt":"2024-06-18T21:35:17","slug":"bancarios-iniciam-campanha-de-negociacao-salarial","status":"publish","type":"post","link":"https:\/\/hostnetart.com.br\/baixada\/bancarios-iniciam-campanha-de-negociacao-salarial\/","title":{"rendered":"Banc\u00e1rios iniciam campanha de negocia\u00e7\u00e3o salarial"},"content":{"rendered":"<p>Com o lema #ASuaLutaNosConecta, sindicatos de banc\u00e1rias e banc\u00e1rios de todo o pa\u00eds foram \u00e0s ruas, nesta ter\u00e7a-feira (18), para lan\u00e7ar a Campanha Nacional da Categoria Banc\u00e1ria 2024. \u201cNossa pauta \u00e9 por emprego, por aumento real, por participa\u00e7\u00e3o nos resultados, mas tamb\u00e9m \u00e9 uma pauta pelo pa\u00eds, para que o Brasil tenha cr\u00e9dito mais barato e possa crescer, para que possa ter investimento p\u00fablico, investimento privado, gera\u00e7\u00e3o de emprego e renda. Porque se n\u00e3o tiver emprego, se n\u00e3o tiver renda, se n\u00e3o combater a desigualdade, tamb\u00e9m n\u00e3o vamos manter os empregos dos banc\u00e1rios. Nossa luta pelo Brasil \u00e9 tamb\u00e9m uma luta pelos banc\u00e1rios e que vai nos trazer sucesso na nossa campanha\u201d, disse a presidenta da Confedera\u00e7\u00e3o Nacional dos Trabalhadores do Ramo Financeiro (Contraf-CUT) e coordenadora do Comando Nacional dos Banc\u00e1rios, Juvandia Moreira, durante ato de lan\u00e7amento da Campanha Nacional categoria, momentos antes da entrega da minuta de reivindica\u00e7\u00f5es \u00e0 Federa\u00e7\u00e3o Nacional dos Bancos (Fenaban).\u00a0<\/p>\n<p>Juvandia ressaltou que a minuta de reivindica\u00e7\u00f5es da categoria \u00e9 fruto de constru\u00e7\u00e3o coletiva, com base em uma s\u00e9rie de encontros regionais, pelo pa\u00eds, e na Consulta Nacional, que escutou mais de 47 mil trabalhadoras e trabalhadores.<\/p>\n<p>\u201cO sistema financeiro est\u00e1 indo para uma l\u00f3gica de mercado que est\u00e1 acabando com as ag\u00eancias f\u00edsicas, jogando tudo para o banco digital e tem uma s\u00e9rie de bancos que nem s\u00e3o bancos, que est\u00e3o a\u00ed dominando o mercado e os bancos est\u00e3o tentando imitar esses bancos, reduzindo postos de trabalho, precarizando as rela\u00e7\u00f5es de trabalho, precarizando as rela\u00e7\u00f5es sindicais e a gente vai discutir tudo isso nessa campanha\u201d, disse a presidenta do Sindicato dos Banc\u00e1rios de S\u00e3o Paulo, Osasco e Regi\u00e3o, tamb\u00e9m coordenadora do Comando Nacional dos Banc\u00e1rios, Neiva Ribeiro.<\/p>\n<p>Veja quais s\u00e3o as\u00a0<a href=\"https:\/\/contrafcut.com.br\/noticias\/26-conferencia-nacional-aprova-reivindicacoes-da-campanha\/\" target=\"_blank\" rel=\"noopener noreferrer\">principais reivindica\u00e7\u00f5es<\/a>\u00a0da Campanha Nacional dos Banc\u00e1rios.<\/p>\n<h2><span style=\"text-decoration: underline;\">Redu\u00e7\u00e3o dos juros<\/span><\/h2>\n<p>Em S\u00e3o Paulo, os banc\u00e1rios somaram for\u00e7as com trabalhadores de diversas categorias representados pela CUT e pelas demais centrais sindicais na manifesta\u00e7\u00e3o realizada em S\u00e3o Paulo, na frente da sede do Banco Central, na avenida Paulista, pela redu\u00e7\u00e3o da taxa b\u00e1sica de juros (Selic). A redu\u00e7\u00e3o da Selic \u00e9 um dos eixos de reivindica\u00e7\u00e3o da Campanha Nacional dos Banc\u00e1rios 2024, aprovados durante a 26\u00aa Confer\u00eancia Nacional da categoria, no in\u00edcio de junho.<\/p>\n<p>\u201cEstamos aqui hoje dizendo que mantendo os juros t\u00e3o altos, o Campos Neto est\u00e1 boicotando a economia brasileira, boicotando o crescimento econ\u00f4mico, boicotando o Brasil\u201d, alertou Juvandia. \u201cO mundo todo tem juros menores do que o Brasil. N\u00e3o tem cabimento a gente manter essa pol\u00edtica de juros, que promove o enriquecimento de 1% da popula\u00e7\u00e3o e inibe a melhoria de vida de 99% da popula\u00e7\u00e3o\u201d, completou.<\/p>\n<p>\u201cO Banco Central age independente da sociedade, independente do Congresso Nacional, mas dependente do sistema financeiro! Pratica uma pol\u00edtica de juros altos para favorecer um grupo de super-ricos que domina o poder financeiro e determina quanto \u00e9 a taxa de juros, para ganhar ainda mais, enriquecer ainda mais com suas aplica\u00e7\u00f5es, com seus neg\u00f3cios. Mas, dessa forma, atrapalham o governo de fazer investimento p\u00fablico, de investir em pol\u00edticas p\u00fablicas para a sociedade, moradia, transporte, educa\u00e7\u00e3o, ci\u00eancia e tecnologia, e uma s\u00e9rie de outras coisas que tamb\u00e9m fazem parte da nossa pauta de reivindica\u00e7\u00f5es\u201d, explicou Neiva Ribeiro. \u201c\u00c9 muito importante que a sociedade saiba que os banc\u00e1rios n\u00e3o est\u00e3o preocupados s\u00f3 com a quest\u00e3o corporativa, mas tamb\u00e9m questione esses juros altos, que contribui para o endividamento das fam\u00edlias, impedem o empreendedorismo\u201d, disse Neiva.<\/p>\n<p><strong>Fonte: Contraf-CUT<\/strong><\/p>\n","protected":false},"excerpt":{"rendered":"<p>Com o lema #ASuaLutaNosConecta, sindicatos de banc\u00e1rias e banc\u00e1rios de todo o pa\u00eds foram \u00e0s ruas, nesta ter\u00e7a-feira (18), para lan\u00e7ar a Campanha Nacional da Categoria Banc\u00e1ria 2024. \u201cNossa pauta \u00e9 por emprego, por aumento real, por participa\u00e7\u00e3o nos resultados, mas tamb\u00e9m \u00e9 uma pauta pelo pa\u00eds, para que o Brasil tenha cr\u00e9dito mais barato [&hellip;]<\/p>\n","protected":false},"author":2,"featured_media":15428,"comment_status":"","ping_status":"","sticky":false,"template":"","format":"standard","meta":{"footnotes":""},"categories":[3],"tags":[],"class_list":["post-15429","post","type-post","status-publish","format-standard","has-post-thumbnail","hentry","category-noticias"],"_links":{"self":[{"href":"https:\/\/hostnetart.com.br\/baixada\/wp-json\/wp\/v2\/posts\/15429","targetHints":{"allow":["GET"]}}],"collection":[{"href":"https:\/\/hostnetart.com.br\/baixada\/wp-json\/wp\/v2\/posts"}],"about":[{"href":"https:\/\/hostnetart.com.br\/baixada\/wp-json\/wp\/v2\/types\/post"}],"author":[{"embeddable":true,"href":"https:\/\/hostnetart.com.br\/baixada\/wp-json\/wp\/v2\/users\/2"}],"replies":[{"embeddable":true,"href":"https:\/\/hostnetart.com.br\/baixada\/wp-json\/wp\/v2\/comments?post=15429"}],"version-history":[{"count":0,"href":"https:\/\/hostnetart.com.br\/baixada\/wp-json\/wp\/v2\/posts\/15429\/revisions"}],"wp:featuredmedia":[{"embeddable":true,"href":"https:\/\/hostnetart.com.br\/baixada\/wp-json\/wp\/v2\/media\/15428"}],"wp:attachment":[{"href":"https:\/\/hostnetart.com.br\/baixada\/wp-json\/wp\/v2\/media?parent=15429"}],"wp:term":[{"taxonomy":"category","embeddable":true,"href":"https:\/\/hostnetart.com.br\/baixada\/wp-json\/wp\/v2\/categories?post=15429"},{"taxonomy":"post_tag","embeddable":true,"href":"https:\/\/hostnetart.com.br\/baixada\/wp-json\/wp\/v2\/tags?post=15429"}],"curies":[{"name":"wp","href":"https:\/\/api.w.org\/{rel}","templated":true}]}}