{"id":15427,"date":"2024-06-18T14:28:13","date_gmt":"2024-06-18T17:28:13","guid":{"rendered":"https:\/\/hostnetart.com.br\/baixada\/com-abertura-de-agencias-do-mercantil-coe-cobra-valorizacao-dos-trabalhadores\/"},"modified":"2024-06-18T14:28:13","modified_gmt":"2024-06-18T17:28:13","slug":"com-abertura-de-agencias-do-mercantil-coe-cobra-valorizacao-dos-trabalhadores","status":"publish","type":"post","link":"https:\/\/hostnetart.com.br\/baixada\/com-abertura-de-agencias-do-mercantil-coe-cobra-valorizacao-dos-trabalhadores\/","title":{"rendered":"Com abertura de ag\u00eancias do Mercantil, COE cobra valoriza\u00e7\u00e3o dos trabalhadores"},"content":{"rendered":"<p>O Banco Mercantil inaugura, nesta semana, seis ag\u00eancias f\u00edsicas no Nordeste e uma na regi\u00e3o Norte. Em julho, ser\u00e3o abertas mais quatro unidades.<\/p>\n<p>Para o coordenador nacional da Comiss\u00e3o de Organiza\u00e7\u00e3o dos Empregados do Mercantil (COEBMB), Vanderci Ant\u00f4nio da Silva, \u00e9 uma boa not\u00edcia, mas n\u00e3o significa que funcion\u00e1rias e funcion\u00e1rios est\u00e3o sendo devidamente valorizados no banco. \u201cH\u00e1 muito tempo, o movimento sindical questiona o Mercantil sobre o fechamento de ag\u00eancias em todo o pa\u00eds e o banco parece, finalmente, ter ouvido nossas reivindica\u00e7\u00f5es. Desde 2008, o Mercantil passa por um processo de reestrutura\u00e7\u00e3o que resultou no fechamento de muitas unidades, algo que sempre protestamos contra e que prejudicou a vida de trabalhadores e clientes.\u201d<\/p>\n<p>O Banco registrou lucro recorde de R$ 165 milh\u00f5es, no primeiro trimestre de 2024, aumento de 142% em 12 meses. \u201cAgora, isto tem que se refletir em valoriza\u00e7\u00e3o\u201d, afirmou Silva.<\/p>\n<p>Entre outros problemas, trabalhadoras e trabalhadores do Mercantil sofrem com a press\u00e3o pelo cumprimento de metas, com a alta rotatividade e o medo das demiss\u00f5es, al\u00e9m da retirada de vigilantes em postos de atendimento (PAAs), trazendo inseguran\u00e7a para funcion\u00e1rios e usu\u00e1rios dos servi\u00e7os do Banco. \u201cEsperamos que a abertura de novas ag\u00eancias represente uma mudan\u00e7a de perspectiva no Mercantil e que ele siga um caminho diferente dos bancos digitais. Com mais unidades, mais emprego e mais valoriza\u00e7\u00e3o dos trabalhadores, respeitando nossos direitos conquistados e oferecendo condi\u00e7\u00f5es dignas de trabalho para todas e todos\u201d, cobrou Marco Aur\u00e9lio Alves, funcion\u00e1rio do Mercantil e dirigente sindical.<\/p>\n<p><strong>Fonte Seeb BH<\/strong><\/p>\n","protected":false},"excerpt":{"rendered":"<p>O Banco Mercantil inaugura, nesta semana, seis ag\u00eancias f\u00edsicas no Nordeste e uma na regi\u00e3o Norte. Em julho, ser\u00e3o abertas mais quatro unidades. Para o coordenador nacional da Comiss\u00e3o de Organiza\u00e7\u00e3o dos Empregados do Mercantil (COEBMB), Vanderci Ant\u00f4nio da Silva, \u00e9 uma boa not\u00edcia, mas n\u00e3o significa que funcion\u00e1rias e funcion\u00e1rios est\u00e3o sendo devidamente valorizados [&hellip;]<\/p>\n","protected":false},"author":2,"featured_media":15426,"comment_status":"","ping_status":"","sticky":false,"template":"","format":"standard","meta":{"footnotes":""},"categories":[3],"tags":[],"class_list":["post-15427","post","type-post","status-publish","format-standard","has-post-thumbnail","hentry","category-noticias"],"_links":{"self":[{"href":"https:\/\/hostnetart.com.br\/baixada\/wp-json\/wp\/v2\/posts\/15427","targetHints":{"allow":["GET"]}}],"collection":[{"href":"https:\/\/hostnetart.com.br\/baixada\/wp-json\/wp\/v2\/posts"}],"about":[{"href":"https:\/\/hostnetart.com.br\/baixada\/wp-json\/wp\/v2\/types\/post"}],"author":[{"embeddable":true,"href":"https:\/\/hostnetart.com.br\/baixada\/wp-json\/wp\/v2\/users\/2"}],"replies":[{"embeddable":true,"href":"https:\/\/hostnetart.com.br\/baixada\/wp-json\/wp\/v2\/comments?post=15427"}],"version-history":[{"count":0,"href":"https:\/\/hostnetart.com.br\/baixada\/wp-json\/wp\/v2\/posts\/15427\/revisions"}],"wp:featuredmedia":[{"embeddable":true,"href":"https:\/\/hostnetart.com.br\/baixada\/wp-json\/wp\/v2\/media\/15426"}],"wp:attachment":[{"href":"https:\/\/hostnetart.com.br\/baixada\/wp-json\/wp\/v2\/media?parent=15427"}],"wp:term":[{"taxonomy":"category","embeddable":true,"href":"https:\/\/hostnetart.com.br\/baixada\/wp-json\/wp\/v2\/categories?post=15427"},{"taxonomy":"post_tag","embeddable":true,"href":"https:\/\/hostnetart.com.br\/baixada\/wp-json\/wp\/v2\/tags?post=15427"}],"curies":[{"name":"wp","href":"https:\/\/api.w.org\/{rel}","templated":true}]}}