{"id":15423,"date":"2024-06-18T14:16:48","date_gmt":"2024-06-18T17:16:48","guid":{"rendered":"https:\/\/hostnetart.com.br\/baixada\/bancarios-lancam-campanha-nacional-e-protestam-contra-juros-altos-2\/"},"modified":"2024-06-18T14:16:48","modified_gmt":"2024-06-18T17:16:48","slug":"bancarios-lancam-campanha-nacional-e-protestam-contra-juros-altos-2","status":"publish","type":"post","link":"https:\/\/hostnetart.com.br\/baixada\/bancarios-lancam-campanha-nacional-e-protestam-contra-juros-altos-2\/","title":{"rendered":"Banc\u00e1rios lan\u00e7am Campanha Nacional e protestam contra juros altos"},"content":{"rendered":"<p>A categoria banc\u00e1ria realizar\u00e1, nesta ter\u00e7a-feira (18), uma s\u00e9rie de atos, em v\u00e1rias partes do pa\u00eds, de lan\u00e7amento \u00e0 Campanha Nacional dos Banc\u00e1rios, para marcar o in\u00edcio das negocia\u00e7\u00f5es entre o Comando Nacional dos Banc\u00e1rios, que representa os trabalhadores e trabalhadoras, com a Federa\u00e7\u00e3o Nacional dos Bancos (Fenaban). Na capital paulista, o ato ser\u00e1 a partir das 10h, em frente ao Banco Central, na Av. Paulista, para somar for\u00e7as aos protestos que as centrais sindicais far\u00e3o contra os juros altos, no primeiro dos dois dias de reuni\u00e3o do Comit\u00ea de Pol\u00edticas Monet\u00e1rias (Copom) para definir a taxa b\u00e1sica de juros da economia brasileira (Selic).<br \/><strong><br \/>Campanha nacional<\/strong><\/p>\n<p>A Campanha Nacional dos Banc\u00e1rios 2024, para a renova\u00e7\u00e3o da Conven\u00e7\u00e3o Coletiva de Trabalho (CCT) da categoria, come\u00e7ar\u00e1 oficialmente tamb\u00e9m nesta ter\u00e7a (18), com a entrega da minuta de reinvindica\u00e7\u00f5es \u00e0 Fenaban. O documento foi constru\u00eddo a partir de diversas confer\u00eancias estaduais e regionais, considerando ainda a coleta de dados da Consulta Nacional dos Banc\u00e1rios, realizada com quase 47 mil trabalhadores e trabalhadoras, submetida \u00e0 valida\u00e7\u00e3o da 26\u00aa Confer\u00eancia Nacional dos Trabalhadores do Ramo Financeiro e, em seguida, de assembleias em todo o pa\u00eds.<\/p>\n<p>Tamb\u00e9m nesta ter\u00e7a, os representantes da Comiss\u00e3o de Empresa dos Funcion\u00e1rios do Banco do Brasil (CEBB) e da Comiss\u00e3o Executiva dos Empregados (CEE) da Caixa tamb\u00e9m entregar\u00e3o, aos respectivos bancos p\u00fablicos, as minutas de reivindica\u00e7\u00f5es para a renova\u00e7\u00e3o dos Acordos Coletivos de Trabalho (ACTs) espec\u00edficos de cada banco p\u00fablico.\u00a0<\/p>\n<p>Al\u00e9m da entrega dos documentos de reivindica\u00e7\u00f5es para a renova\u00e7\u00e3o da CCT e das ACTs espe\u00edficas, sindicatos e federa\u00e7\u00f5es realizar\u00e3o, em v\u00e1rias cidades, o lan\u00e7amento da campanha deste ano, sob o slogan \u201cFuturo se faz juntos!\u201d, nas ruas e nas redes sociais \u2013 neste \u00faltimo ambiente, est\u00e1 programado um\u00a0<strong>tuita\u00e7o, das 9h \u00e0s 10h, com a hashtag #FuturoSeFazJunto<\/strong>.<\/p>\n<p>Na capital de S\u00e3o Paulo, os atos nas ruas est\u00e3o agendados para as 10h, em frente ao pr\u00e9dio do Banco Central, no n\u00ba 1.804, da Av. Paulista.<\/p>\n<p>&#8220;Entre os pontos de destaque da campanha deste ano, al\u00e9m do aumento real do sal\u00e1rio, PLR maior e amplia\u00e7\u00e3o de direitos, exigimos o fim do ass\u00e9dio no ambiente de trabalho e dos instrumentos adoecedores na cobran\u00e7a de metas e que, como mostramos em pesquisas de profundidade que encomendamos ao Instituto de Psicologia da Universidade de Bras\u00edlia (UNB), o adoecimento mental \u00e9 uma triste realidade na categoria\u201d, destacou a coordenadora do Comando Nacional dos Banc\u00e1rios e presidenta da Confedera\u00e7\u00e3o Nacional dos Trabalhadores do Ramo Financeiro (Contraf-CUT), Juvandia Moreira.<\/p>\n<p><strong>Juros baixos j\u00e1!<\/strong><\/p>\n<p>Diante de mais uma reuni\u00e3o do Comit\u00ea de Pol\u00edticas Monet\u00e1rias (Copom) do Banco Central (BC), que acontece ter\u00e7a (18) e quarta (19), para definir a taxa b\u00e1sica de juros da economia brasileira (Selic), os banc\u00e1rios de S\u00e3o Paulo se somam aos protestos das centrais sindicais que realizar\u00e3o contra a manuten\u00e7\u00e3o do \u00edndice alto e que traz impactos negativos para o crescimento econ\u00f4mico e gera\u00e7\u00e3o de empregos.<\/p>\n<p><a href=\"https:\/\/www.cut.org.br\/noticias\/bc-desacelera-queda-da-selic-e-aprofunda-peso-de-juros-sobre-governo-e-populacao-7200\">Na reuni\u00e3o de maio, o Copom reduziu em apenas 0,25<\/a>\u00a0ponto percentual a Selic, mudando o ciclo de cortes de 0,50 que vinha ocorrendo a cada 45 dias, desde agosto de 2023. Com isso, a taxa b\u00e1sica de juro brasileira est\u00e1 em 10,50%, mantendo o pa\u00eds com um dos maiores juros reais do mundo. Agora, o mercado, que influencia a pol\u00edtica monet\u00e1ria, aposta que, na reuni\u00e3o desta semana, n\u00e3o haver\u00e1 nenhum corte.<\/p>\n<p>\u201cA campanha &#8216;Juros Baixos J\u00e1!&#8217; \u00e9 uma campanha que n\u00f3s, do movimento sindical dos trabalhadores do ramo financeiro, tamb\u00e9m apoiamos e lideramos desde o in\u00edcio de 2023. Em agosto daquele ano, ap\u00f3s muita press\u00e3o social, o Copom iniciou o ciclo de cortes, ainda muito aqu\u00e9m do que poderia realizar e continuamos os protestos. De l\u00e1 pra c\u00e1, passamos do absurdo de 13,75% ao ano para os atuais 10,50%, que \u00e9 ainda um juro abusivo para o Brasil\u201d, explicou Juvandia Moreira.<\/p>\n<p>Ela destacou ainda que um dos\u00a0eixos da Campanha Nacional dos banc\u00e1rios,\u00a0<a href=\"https:\/\/contrafcut.com.br\/noticias\/26-conferencia-nacional-aprova-reivindicacoes-da-campanha\/\">aprovada 26\u00aa Confer\u00eancia Nacional,<\/a>\u00a0\u00e9 a redu\u00e7\u00e3o da taxa de juros para induzir o crescimento econ\u00f4mico e gera\u00e7\u00e3o de emprego e renda.<\/p>\n<p>\u201cVamos continuar denunciamos \u00e0 sociedade esse boicote contra a economia do pa\u00eds, praticado pelo Banco Central, e que impacta o crescimento da economia e prejudica a gera\u00e7\u00e3o de emprego digno. O BC alega que a Selic precisa ser alta para conter a infla\u00e7\u00e3o, mas esta segue sob controle e existem outros m\u00e9todos para conter a infla\u00e7\u00e3o que n\u00e3o \u00e9 esse, que causa preju\u00edzos para todo o pa\u00eds\u201d, destacou Juvandia Moreira. \u201cOutra coisa, quando Campos Neto alega tamb\u00e9m que essa queda no ritmo de redu\u00e7\u00e3o da Selic se d\u00e1 por causa do aumento do emprego (porque o mercado aquecido, supostamente \u00e9 respons\u00e1vel pela infla\u00e7\u00e3o), acaba tamb\u00e9m entrando em contradi\u00e7\u00e3o, porque vai justamente na contram\u00e3o de uma das miss\u00f5es do BC, que \u00e9 colaborar para que o Brasil alcance o pleno emprego\u201d, completou a dirigente.<\/p>\n<p><strong>Fonte: Contraf-CUT<\/strong><\/p>\n","protected":false},"excerpt":{"rendered":"<p>A categoria banc\u00e1ria realizar\u00e1, nesta ter\u00e7a-feira (18), uma s\u00e9rie de atos, em v\u00e1rias partes do pa\u00eds, de lan\u00e7amento \u00e0 Campanha Nacional dos Banc\u00e1rios, para marcar o in\u00edcio das negocia\u00e7\u00f5es entre o Comando Nacional dos Banc\u00e1rios, que representa os trabalhadores e trabalhadoras, com a Federa\u00e7\u00e3o Nacional dos Bancos (Fenaban). Na capital paulista, o ato ser\u00e1 a [&hellip;]<\/p>\n","protected":false},"author":2,"featured_media":15422,"comment_status":"","ping_status":"","sticky":false,"template":"","format":"standard","meta":{"footnotes":""},"categories":[3],"tags":[],"class_list":["post-15423","post","type-post","status-publish","format-standard","has-post-thumbnail","hentry","category-noticias"],"_links":{"self":[{"href":"https:\/\/hostnetart.com.br\/baixada\/wp-json\/wp\/v2\/posts\/15423","targetHints":{"allow":["GET"]}}],"collection":[{"href":"https:\/\/hostnetart.com.br\/baixada\/wp-json\/wp\/v2\/posts"}],"about":[{"href":"https:\/\/hostnetart.com.br\/baixada\/wp-json\/wp\/v2\/types\/post"}],"author":[{"embeddable":true,"href":"https:\/\/hostnetart.com.br\/baixada\/wp-json\/wp\/v2\/users\/2"}],"replies":[{"embeddable":true,"href":"https:\/\/hostnetart.com.br\/baixada\/wp-json\/wp\/v2\/comments?post=15423"}],"version-history":[{"count":0,"href":"https:\/\/hostnetart.com.br\/baixada\/wp-json\/wp\/v2\/posts\/15423\/revisions"}],"wp:featuredmedia":[{"embeddable":true,"href":"https:\/\/hostnetart.com.br\/baixada\/wp-json\/wp\/v2\/media\/15422"}],"wp:attachment":[{"href":"https:\/\/hostnetart.com.br\/baixada\/wp-json\/wp\/v2\/media?parent=15423"}],"wp:term":[{"taxonomy":"category","embeddable":true,"href":"https:\/\/hostnetart.com.br\/baixada\/wp-json\/wp\/v2\/categories?post=15423"},{"taxonomy":"post_tag","embeddable":true,"href":"https:\/\/hostnetart.com.br\/baixada\/wp-json\/wp\/v2\/tags?post=15423"}],"curies":[{"name":"wp","href":"https:\/\/api.w.org\/{rel}","templated":true}]}}