{"id":1542,"date":"2013-10-03T00:00:00","date_gmt":"2013-10-03T03:00:00","guid":{"rendered":"https:\/\/hostnetart.com.br\/baixada\/trabalhadores-vencem-mais-uma-batalha-na-ccjc-contra-pl-4430\/"},"modified":"2013-10-03T00:00:00","modified_gmt":"2013-10-03T03:00:00","slug":"trabalhadores-vencem-mais-uma-batalha-na-ccjc-contra-pl-4430","status":"publish","type":"post","link":"https:\/\/hostnetart.com.br\/baixada\/trabalhadores-vencem-mais-uma-batalha-na-ccjc-contra-pl-4430\/","title":{"rendered":"Trabalhadores vencem mais uma batalha na CCJC contra PL 4430"},"content":{"rendered":"<p>O Projeto de Lei (PL) 4330, do deputado Sandro Mabel (PMDB-GO), n\u00e3o foi colocado em vota\u00e7\u00e3o nesta ter\u00e7a-feira (1\u00ba) na primeira das cinco sess\u00f5es ordin\u00e1rias da Comiss\u00e3o de Constitui\u00e7\u00e3o e Justi\u00e7a e de Cidadania (CCJC) da C\u00e2mara dos Deputados, conforme estabelece o despacho do presidente da C\u00e2mara, deputado Henrique Alves (PMDB-RN), para a nova tramita\u00e7\u00e3o do projeto.<\/p>\n<p>\u00a0<\/p>\n<p>Ap\u00f3s a reuni\u00e3o no final da manh\u00e3 desta quarta-feira (2), o presidente da CCJC, deputado D\u00e9cio Lima (PT-SC), recebeu uma comiss\u00e3o de dirigentes sindicais da CUT, onde ele se manifestou contra a aprecia\u00e7\u00e3o do PL 4330 na CCJC.<\/p>\n<p>\u00a0<\/p>\n<p>\u201cTrata-se de mais batalha que vencemos na guerra que travamos contra esse projeto que libera a terceiriza\u00e7\u00e3o para todas as \u00e1reas das empresas, colocando o risco os empregos e os direitos dos trabalhadores\u201d, afirmou a secret\u00e1ria de Rela\u00e7\u00f5es de Trabalho da CUT, Maria das Gra\u00e7as Costa.<\/p>\n<p>\u00a0<\/p>\n<p>O secret\u00e1rio de imprensa da Contraf-CUT, Ademir Wiederkehr, comemorou igualmente. \u201cCom a for\u00e7a da mobiliza\u00e7\u00e3o dos trabalhadores e o apoio de v\u00e1rios parlamentares, ministros do TST, ju\u00edzes, presidentes dos TRTs e procuradores do Minist\u00e9rio P\u00fablico, estamos virando o jogo contra o PL 4330, mas precisamos continuar mobilizados\u201d, destacou.<\/p>\n<p>\u00a0<\/p>\n<p>\u201cTemos que seguir acompanhando as pr\u00f3ximas sess\u00f5es da CCJC e cobrando nos estados um posicionamento contr\u00e1rio de todos os deputados federais, pois esse projeto faz mal aos trabalhadores e ao Brasil\u201d, disse Ademir.<\/p>\n<p>\u00a0<\/p>\n<p>O presidente da Fetec Centro Norte, Jos\u00e9 Avelino Barreto, e o coordenador da Comiss\u00e3o Executiva dos Empregados (CEE\/Caixa) e vice-presidente da Fenae, Jair Ferreira, tamb\u00e9m conseguiram acessar o plen\u00e1rio da CCJC, refor\u00e7ando a mobiliza\u00e7\u00e3o dos trabalhadores. Ainda estiveram presentes v\u00e1rios dirigentes da CUT, militantes da Contracs e dirigentes de sindicatos de trabalhadores do Distrito Federal e outros estados.<\/p>\n<p>\u00a0<\/p>\n<p>Fonte: Contraf-CUT<\/p>\n","protected":false},"excerpt":{"rendered":"<p>O Projeto de Lei (PL) 4330, do deputado Sandro Mabel (PMDB-GO), n\u00e3o foi colocado em vota\u00e7\u00e3o nesta ter\u00e7a-feira (1\u00ba) na primeira das cinco sess\u00f5es ordin\u00e1rias da Comiss\u00e3o de Constitui\u00e7\u00e3o e Justi\u00e7a e de Cidadania (CCJC) da C\u00e2mara dos Deputados, conforme estabelece o despacho do presidente da C\u00e2mara, deputado Henrique Alves (PMDB-RN), para a nova tramita\u00e7\u00e3o [&hellip;]<\/p>\n","protected":false},"author":1,"featured_media":0,"comment_status":"","ping_status":"","sticky":false,"template":"","format":"standard","meta":{"footnotes":""},"categories":[3],"tags":[],"class_list":["post-1542","post","type-post","status-publish","format-standard","hentry","category-noticias"],"_links":{"self":[{"href":"https:\/\/hostnetart.com.br\/baixada\/wp-json\/wp\/v2\/posts\/1542","targetHints":{"allow":["GET"]}}],"collection":[{"href":"https:\/\/hostnetart.com.br\/baixada\/wp-json\/wp\/v2\/posts"}],"about":[{"href":"https:\/\/hostnetart.com.br\/baixada\/wp-json\/wp\/v2\/types\/post"}],"author":[{"embeddable":true,"href":"https:\/\/hostnetart.com.br\/baixada\/wp-json\/wp\/v2\/users\/1"}],"replies":[{"embeddable":true,"href":"https:\/\/hostnetart.com.br\/baixada\/wp-json\/wp\/v2\/comments?post=1542"}],"version-history":[{"count":0,"href":"https:\/\/hostnetart.com.br\/baixada\/wp-json\/wp\/v2\/posts\/1542\/revisions"}],"wp:attachment":[{"href":"https:\/\/hostnetart.com.br\/baixada\/wp-json\/wp\/v2\/media?parent=1542"}],"wp:term":[{"taxonomy":"category","embeddable":true,"href":"https:\/\/hostnetart.com.br\/baixada\/wp-json\/wp\/v2\/categories?post=1542"},{"taxonomy":"post_tag","embeddable":true,"href":"https:\/\/hostnetart.com.br\/baixada\/wp-json\/wp\/v2\/tags?post=1542"}],"curies":[{"name":"wp","href":"https:\/\/api.w.org\/{rel}","templated":true}]}}