{"id":15415,"date":"2024-06-17T14:18:48","date_gmt":"2024-06-17T17:18:48","guid":{"rendered":"https:\/\/hostnetart.com.br\/baixada\/cassi-diretores-e-conselheiros-eleitos-tomam-posse\/"},"modified":"2024-06-17T14:18:48","modified_gmt":"2024-06-17T17:18:48","slug":"cassi-diretores-e-conselheiros-eleitos-tomam-posse","status":"publish","type":"post","link":"https:\/\/hostnetart.com.br\/baixada\/cassi-diretores-e-conselheiros-eleitos-tomam-posse\/","title":{"rendered":"Cassi: diretores e conselheiros eleitos tomam posse"},"content":{"rendered":"<p>\u00a0<\/p>\n<p>Os novos eleitos da Caixa de Assist\u00eancia dos Funcion\u00e1rios do Banco do Brasil (Cassi) tomaram posse na \u00faltima ter\u00e7a-feira (12), em cerim\u00f4nia realizada em Bras\u00edlia. O grupo, formado por nove funcion\u00e1rios da ativa e aposentados do BB, pr\u00e9 e p\u00f3s 1998, de v\u00e1rias regi\u00f5es do pa\u00eds, passa a ocupar cargos na Diretoria de Planos de Sa\u00fade e Relacionamento com Clientes e nos conselhos Deliberativo e Fiscal da entidade, com mandato at\u00e9 2028.<\/p>\n<p>A governan\u00e7a da Cassi \u00e9 composta pelo Conselho Deliberativo, Conselho Fiscal, Diretoria Executiva e Comit\u00eas, com cargos compartilhados entre os indicados pelo patrocinador, o Banco do Brasil, e eleitos pelos trabalhadores da empresa, em pleitos que s\u00e3o realizados a cada dois anos.<\/p>\n<p><strong>Os empossados<\/strong><\/p>\n<p>Os novos eleitos, com mandato at\u00e9 2028, s\u00e3o do grupo \u201cCassi para os Associados\u201d, apoiado pela maioria das entidades representativas dos funcion\u00e1rios, incluindo a Confedera\u00e7\u00e3o Nacional dos Trabalhadores do Ramo Financeiro (Contraf-CUT).<\/p>\n<p>Para o cargo de diretor de Planos de Sa\u00fade e Relacionamento com Clientes, tomou posse Alberto Alves J\u00fanior. Para o Conselho Deliberativo: Ana Beatriz Garbelini (titular), Maria das Gra\u00e7as C. Machado (titular), Alessandro Greco Garcia (suplente) e Pedro Carvalho Martins Conselho Deliberativo (suplente). E, para o Conselho Fiscal: Pedro Paulo Campos Magno (titular), Sybelle Natalle Braga Chagas (titular), Jos\u00e9 Arimatea de Sousa Passos (suplente) e Thiago Noleto de P\u00e1dua (suplente).<\/p>\n<p><strong>Fortalecer a Cassi<\/strong><\/p>\n<p>\u201cOs representantes das trabalhadoras e trabalhadores do BB estar\u00e3o atuando para fortalecer, dentro da Cassi, a pauta de expans\u00e3o da Aten\u00e7\u00e3o Prim\u00e1ria \u00e0 Sa\u00fade (APS), tamb\u00e9m conhecida como Estrat\u00e9gia Sa\u00fade da Fam\u00edlia, e da rede credenciada\u201d, ressaltou Fernanda Lopes, coordenadora da Comiss\u00e3o de Empresa dos Funcion\u00e1rios do Banco do Brasil (CEBB) e tamb\u00e9m conselheira da Cassi.<\/p>\n<p>\u201cA participa\u00e7\u00e3o de todos e todas nas elei\u00e7\u00f5es foi muito importante, porque refor\u00e7a o modelo de gest\u00e3o compartilhada, para que os associados e dependentes da Cassi tenham voz ativa nas decis\u00f5es da entidade. Vamos seguir trabalhando para implementar melhorias, que j\u00e1 foram iniciadas dentro da entidade, para alcan\u00e7ar o equil\u00edbrio e fortalecer o associativismo, que \u00e9 a base do nosso plano de sa\u00fade\u201d, completou.<\/p>\n<p><strong>Fonte: Contraf-CUT<\/strong><\/p>\n","protected":false},"excerpt":{"rendered":"<p>\u00a0 Os novos eleitos da Caixa de Assist\u00eancia dos Funcion\u00e1rios do Banco do Brasil (Cassi) tomaram posse na \u00faltima ter\u00e7a-feira (12), em cerim\u00f4nia realizada em Bras\u00edlia. O grupo, formado por nove funcion\u00e1rios da ativa e aposentados do BB, pr\u00e9 e p\u00f3s 1998, de v\u00e1rias regi\u00f5es do pa\u00eds, passa a ocupar cargos na Diretoria de Planos [&hellip;]<\/p>\n","protected":false},"author":2,"featured_media":15414,"comment_status":"","ping_status":"","sticky":false,"template":"","format":"standard","meta":{"footnotes":""},"categories":[3],"tags":[],"class_list":["post-15415","post","type-post","status-publish","format-standard","has-post-thumbnail","hentry","category-noticias"],"_links":{"self":[{"href":"https:\/\/hostnetart.com.br\/baixada\/wp-json\/wp\/v2\/posts\/15415","targetHints":{"allow":["GET"]}}],"collection":[{"href":"https:\/\/hostnetart.com.br\/baixada\/wp-json\/wp\/v2\/posts"}],"about":[{"href":"https:\/\/hostnetart.com.br\/baixada\/wp-json\/wp\/v2\/types\/post"}],"author":[{"embeddable":true,"href":"https:\/\/hostnetart.com.br\/baixada\/wp-json\/wp\/v2\/users\/2"}],"replies":[{"embeddable":true,"href":"https:\/\/hostnetart.com.br\/baixada\/wp-json\/wp\/v2\/comments?post=15415"}],"version-history":[{"count":0,"href":"https:\/\/hostnetart.com.br\/baixada\/wp-json\/wp\/v2\/posts\/15415\/revisions"}],"wp:featuredmedia":[{"embeddable":true,"href":"https:\/\/hostnetart.com.br\/baixada\/wp-json\/wp\/v2\/media\/15414"}],"wp:attachment":[{"href":"https:\/\/hostnetart.com.br\/baixada\/wp-json\/wp\/v2\/media?parent=15415"}],"wp:term":[{"taxonomy":"category","embeddable":true,"href":"https:\/\/hostnetart.com.br\/baixada\/wp-json\/wp\/v2\/categories?post=15415"},{"taxonomy":"post_tag","embeddable":true,"href":"https:\/\/hostnetart.com.br\/baixada\/wp-json\/wp\/v2\/tags?post=15415"}],"curies":[{"name":"wp","href":"https:\/\/api.w.org\/{rel}","templated":true}]}}