{"id":1541,"date":"2014-07-22T00:00:00","date_gmt":"2014-07-22T03:00:00","guid":{"rendered":"https:\/\/hostnetart.com.br\/baixada\/bancos-recuam-e-se-comprometem-a-detalhar-os-dados-sobre-adoecimento\/"},"modified":"2014-07-22T00:00:00","modified_gmt":"2014-07-22T03:00:00","slug":"bancos-recuam-e-se-comprometem-a-detalhar-os-dados-sobre-adoecimento","status":"publish","type":"post","link":"https:\/\/hostnetart.com.br\/baixada\/bancos-recuam-e-se-comprometem-a-detalhar-os-dados-sobre-adoecimento\/","title":{"rendered":"Bancos recuam e se comprometem a detalhar os dados sobre adoecimento"},"content":{"rendered":"<p>Aconteceu nesta segunda-feira (21) mais uma reuni\u00e3o do Grupo de Trabalho (GT) Bipartite para An\u00e1lise de Causas de Afastamento no Trabalho entre o Comando Nacional dos Banc\u00e1rios, coordenado pela Contraf-CUT, e a Fenaban, em S\u00e3o Paulo.<\/p>\n<p>O GT est\u00e1 previsto na cl\u00e1usula 61\u00aa da Conven\u00e7\u00e3o Coletiva de Trabalho (CCT), foi conquista da Campanha Nacional de 2013 e o seu objetivo \u00e9 discutir o alto \u00edndice de adoecimento e as causas de afastamento do trabalho na categoria banc\u00e1ria.<\/p>\n<p>Durante a reuni\u00e3o o Comando Nacional, com a participa\u00e7\u00e3o do Coletivo Nacional de Sa\u00fade do Trabalhador, apontou problemas sobre os dados fornecidos pela Fenaban e solicitou esclarecimentos sobre a metodologia que foi utilizada para a organiza\u00e7\u00e3o dos dados.<\/p>\n<p>Os bancos se comprometeram a dar informa\u00e7\u00f5es detalhadas sobre afastamentos que geraram benef\u00edcios previdenci\u00e1rios, tanto de acidentes do trabalho como por problemas de sa\u00fade, que possibilitam fazer uma radiografia do que vem ocorrendo com a sa\u00fade dos banc\u00e1rios.<\/p>\n<p>\u201cN\u00f3s analisamos e detectamos que os dados apresentados s\u00e3o insuficientes, propusemos ampliar a base de informa\u00e7\u00f5es e a estratifica\u00e7\u00e3o, para que se cumpra o previsto na cl\u00e1usula 61\u00aa da Conven\u00e7\u00e3o Coletiva de Trabalho. Tamb\u00e9m propusemos que os dados n\u00e3o fossem apresentados em formato de planilha, mas sim de banco de dados\u201d afirmou Walcir Previtale, secret\u00e1rio de Sa\u00fade do Trabalhador da Contraf-CUT.<\/p>\n<p>A Fenaban concordou em melhorar as informa\u00e7\u00f5es repassadas \u00e0 Contraf-CUT e uma nova reuni\u00e3o acontecer\u00e1 entre os representantes dos trabalhadores e dos empregadores.<\/p>\n<p>\u201cAvan\u00e7amos nessa reuni\u00e3o, pois para n\u00f3s \u00e9 muito importante ter acesso efetivo aos dados. J\u00e1 sabemos de antem\u00e3o, com as informa\u00e7\u00f5es de que dispomos, que tem aumentado os casos de afastamentos motivados por transtornos mentais e LER\/Dort nos \u00faltimos anos. Nossa preocupa\u00e7\u00e3o \u00e9 ter informa\u00e7\u00f5es detalhadas que nos apontem para a efetiva dimens\u00e3o do problema e que o GT nos possibilite avan\u00e7ar e propor pol\u00edticas que caminhem no sentido da preven\u00e7\u00e3o dos adoecimentos e afastamentos e da promo\u00e7\u00e3o da sa\u00fade em todos os ambientes de trabalho\u201d, destaca Walcir.<\/p>\n<p><strong>Combate ao ass\u00e9dio moral<\/strong><\/p>\n<p>Na pr\u00f3xima quinta-feira (24), \u00e0s 15h, haver\u00e1 nova reuni\u00e3o com a Fenaban, desta vez para avaliar o instrumento de preven\u00e7\u00e3o e combate ao ass\u00e9dio moral, previsto em acordos firmados entre sindicatos e bancos aderentes, conforme estabelece a cl\u00e1usula 56\u00aa da CCT, conquistada na Campanha Nacional de 2010.<\/p>\n<p>Pelo instrumento, os banc\u00e1rios podem fazer den\u00fancias aos sindicatos acordantes. O denunciante deve se identificar somente para a entidade para que possa receber o devido retorno do banco.<\/p>\n<p>Fonte: Contraf-CUT<\/p>\n","protected":false},"excerpt":{"rendered":"<p>Aconteceu nesta segunda-feira (21) mais uma reuni\u00e3o do Grupo de Trabalho (GT) Bipartite para An\u00e1lise de Causas de Afastamento no Trabalho entre o Comando Nacional dos Banc\u00e1rios, coordenado pela Contraf-CUT, e a Fenaban, em S\u00e3o Paulo. O GT est\u00e1 previsto na cl\u00e1usula 61\u00aa da Conven\u00e7\u00e3o Coletiva de Trabalho (CCT), foi conquista da Campanha Nacional de [&hellip;]<\/p>\n","protected":false},"author":1,"featured_media":0,"comment_status":"","ping_status":"","sticky":false,"template":"","format":"standard","meta":{"footnotes":""},"categories":[3],"tags":[],"class_list":["post-1541","post","type-post","status-publish","format-standard","hentry","category-noticias"],"_links":{"self":[{"href":"https:\/\/hostnetart.com.br\/baixada\/wp-json\/wp\/v2\/posts\/1541","targetHints":{"allow":["GET"]}}],"collection":[{"href":"https:\/\/hostnetart.com.br\/baixada\/wp-json\/wp\/v2\/posts"}],"about":[{"href":"https:\/\/hostnetart.com.br\/baixada\/wp-json\/wp\/v2\/types\/post"}],"author":[{"embeddable":true,"href":"https:\/\/hostnetart.com.br\/baixada\/wp-json\/wp\/v2\/users\/1"}],"replies":[{"embeddable":true,"href":"https:\/\/hostnetart.com.br\/baixada\/wp-json\/wp\/v2\/comments?post=1541"}],"version-history":[{"count":0,"href":"https:\/\/hostnetart.com.br\/baixada\/wp-json\/wp\/v2\/posts\/1541\/revisions"}],"wp:attachment":[{"href":"https:\/\/hostnetart.com.br\/baixada\/wp-json\/wp\/v2\/media?parent=1541"}],"wp:term":[{"taxonomy":"category","embeddable":true,"href":"https:\/\/hostnetart.com.br\/baixada\/wp-json\/wp\/v2\/categories?post=1541"},{"taxonomy":"post_tag","embeddable":true,"href":"https:\/\/hostnetart.com.br\/baixada\/wp-json\/wp\/v2\/tags?post=1541"}],"curies":[{"name":"wp","href":"https:\/\/api.w.org\/{rel}","templated":true}]}}