{"id":15409,"date":"2024-06-14T16:37:22","date_gmt":"2024-06-14T19:37:22","guid":{"rendered":"https:\/\/hostnetart.com.br\/baixada\/itau-atende-a-cobranca-da-coe-e-reforca-diversidade\/"},"modified":"2024-06-14T16:37:22","modified_gmt":"2024-06-14T19:37:22","slug":"itau-atende-a-cobranca-da-coe-e-reforca-diversidade","status":"publish","type":"post","link":"https:\/\/hostnetart.com.br\/baixada\/itau-atende-a-cobranca-da-coe-e-reforca-diversidade\/","title":{"rendered":"Ita\u00fa atende \u00e0 cobran\u00e7a da COE e refor\u00e7a diversidade"},"content":{"rendered":"<p>A Confedera\u00e7\u00e3o Nacional dos Trabalhadores do Ramo Financeiro (Contraf-CUT), atrav\u00e9s de sua Comiss\u00e3o de Organiza\u00e7\u00e3o dos Empregados (COE), h\u00e1 tempos cobra do Banco Ita\u00fa maior diversidade em seus quadros, especialmente no que diz respeito \u00e0 representatividade de funcion\u00e1rios negros em cargos de lideran\u00e7a nas ag\u00eancias. Em resposta a essa cobran\u00e7a, o Ita\u00fa anunciou um novo programa de recrutamento voltado para ampliar a inclus\u00e3o de trabalhadores negros em suas unidades em n\u00edvel nacional, especificamente no setor Personnalit\u00e9.<\/p>\n<p>\u201cSempre destacamos a necessidade urgente de refletir a diversidade da popula\u00e7\u00e3o brasileira nos cargos de lideran\u00e7a do banco. A aus\u00eancia de funcion\u00e1rios negros em posi\u00e7\u00f5es de destaque chama aten\u00e7\u00e3o\u201d, afirmou Valeska Pincovai, uma das coordenadoras da COE Ita\u00fa. O setor Personnalit\u00e9, conhecido por atender clientes de alta renda, ser\u00e1 o foco inicial dessa iniciativa. \u201cEssa medida n\u00e3o s\u00f3 promove a inclus\u00e3o, mas tamb\u00e9m contribui para a constru\u00e7\u00e3o de um ambiente mais diverso e inovador, onde diferentes perspectivas s\u00e3o valorizadas\u201d, acredita Valeska.<\/p>\n<p>A COE Ita\u00fa lembra que ainda h\u00e1 muito a ser feito, mas v\u00ea nessa iniciativa do Banco Ita\u00fa um passo importante rumo \u00e0 constru\u00e7\u00e3o de um mercado de trabalho mais justo e inclusivo. \u201c\u00c9 crucial avan\u00e7ar tamb\u00e9m em outras frentes da diversidade, abrangendo g\u00eanero, orienta\u00e7\u00e3o sexual, pessoas com defici\u00eancia e outras minorias, para que o ambiente de trabalho reflita verdadeiramente a pluralidade da sociedade brasileira. A entidade continuar\u00e1 vigilante, acompanhando de perto a implementa\u00e7\u00e3o desse programa e trabalhando para que mais avan\u00e7os sejam conquistados em prol da diversidade e da igualdade de oportunidades\u201d, finalizou Maria Izabel Menezes, a outra coordenadora da COE.<\/p>\n<p><b>Fonte: Contraf-CUT<\/b><\/p>\n","protected":false},"excerpt":{"rendered":"<p>A Confedera\u00e7\u00e3o Nacional dos Trabalhadores do Ramo Financeiro (Contraf-CUT), atrav\u00e9s de sua Comiss\u00e3o de Organiza\u00e7\u00e3o dos Empregados (COE), h\u00e1 tempos cobra do Banco Ita\u00fa maior diversidade em seus quadros, especialmente no que diz respeito \u00e0 representatividade de funcion\u00e1rios negros em cargos de lideran\u00e7a nas ag\u00eancias. Em resposta a essa cobran\u00e7a, o Ita\u00fa anunciou um novo [&hellip;]<\/p>\n","protected":false},"author":2,"featured_media":15408,"comment_status":"","ping_status":"","sticky":false,"template":"","format":"standard","meta":{"footnotes":""},"categories":[3],"tags":[],"class_list":["post-15409","post","type-post","status-publish","format-standard","has-post-thumbnail","hentry","category-noticias"],"_links":{"self":[{"href":"https:\/\/hostnetart.com.br\/baixada\/wp-json\/wp\/v2\/posts\/15409","targetHints":{"allow":["GET"]}}],"collection":[{"href":"https:\/\/hostnetart.com.br\/baixada\/wp-json\/wp\/v2\/posts"}],"about":[{"href":"https:\/\/hostnetart.com.br\/baixada\/wp-json\/wp\/v2\/types\/post"}],"author":[{"embeddable":true,"href":"https:\/\/hostnetart.com.br\/baixada\/wp-json\/wp\/v2\/users\/2"}],"replies":[{"embeddable":true,"href":"https:\/\/hostnetart.com.br\/baixada\/wp-json\/wp\/v2\/comments?post=15409"}],"version-history":[{"count":0,"href":"https:\/\/hostnetart.com.br\/baixada\/wp-json\/wp\/v2\/posts\/15409\/revisions"}],"wp:featuredmedia":[{"embeddable":true,"href":"https:\/\/hostnetart.com.br\/baixada\/wp-json\/wp\/v2\/media\/15408"}],"wp:attachment":[{"href":"https:\/\/hostnetart.com.br\/baixada\/wp-json\/wp\/v2\/media?parent=15409"}],"wp:term":[{"taxonomy":"category","embeddable":true,"href":"https:\/\/hostnetart.com.br\/baixada\/wp-json\/wp\/v2\/categories?post=15409"},{"taxonomy":"post_tag","embeddable":true,"href":"https:\/\/hostnetart.com.br\/baixada\/wp-json\/wp\/v2\/tags?post=15409"}],"curies":[{"name":"wp","href":"https:\/\/api.w.org\/{rel}","templated":true}]}}