{"id":15407,"date":"2024-06-14T16:30:53","date_gmt":"2024-06-14T19:30:53","guid":{"rendered":"https:\/\/hostnetart.com.br\/baixada\/comando-nacional-dos-bancarios-entregara-minuta-de-reivindicacoes-a-fenaban-no-dia-18\/"},"modified":"2024-06-14T16:30:53","modified_gmt":"2024-06-14T19:30:53","slug":"comando-nacional-dos-bancarios-entregara-minuta-de-reivindicacoes-a-fenaban-no-dia-18","status":"publish","type":"post","link":"https:\/\/hostnetart.com.br\/baixada\/comando-nacional-dos-bancarios-entregara-minuta-de-reivindicacoes-a-fenaban-no-dia-18\/","title":{"rendered":"Comando Nacional dos Banc\u00e1rios entregar\u00e1 minuta de reivindica\u00e7\u00f5es \u00e0 Fenaban no dia 18"},"content":{"rendered":"<p>O Comando Nacional dos Banc\u00e1rios entregar\u00e1 \u00e0 Federa\u00e7\u00e3o Nacional do Bancos (Fenaban), na pr\u00f3xima ter\u00e7a-feira (18), a minuta de reivindica\u00e7\u00f5es que servir\u00e1 de base \u00e0 Campanha Nacional de 2024, para a renova\u00e7\u00e3o da Conven\u00e7\u00e3o Coletiva de Trabalho da categoria.<\/p>\n<p>O documento foi constru\u00eddo a partir de diversas confer\u00eancias estaduais e regionais, em todo o pa\u00eds. Tamb\u00e9m foram consideradas as informa\u00e7\u00f5es coletadas na Consulta Nacional dos Banc\u00e1rios, realizada entre 17 de abril e 2 de junho, 46.824 com respondentes. A minuta, ainda, foi aprovada por mais de 95% de banc\u00e1rios e banc\u00e1rias que participaram das assembleias feitas por bases sindicais, em todo o Brasil, na quinta-feira (13). Mas, antes da fase das assembleias, tamb\u00e9m foi submetida \u00e0 valida\u00e7\u00e3o da 26\u00aa Confer\u00eancia Nacional dos Trabalhadores do Ramo Financeiro, entre os dias 7, 8 e 9 de junho.<\/p>\n<p>No mesmo dia da entrega da minuta \u00e0 Fenaban, os representantes da Comiss\u00e3o de Empresa dos Funcion\u00e1rios do Banco do Brasil (CEBB) e da Comiss\u00e3o Executiva dos Empregados (CEE) da Caixa tamb\u00e9m entregar\u00e3o, aos respectivos bancos p\u00fablicos, as minutas de reivindica\u00e7\u00f5es para a renova\u00e7\u00e3o dos Acordos Coletivos de Trabalho (ACTs) espec\u00edficos.<\/p>\n<p>Entre as prioridades para a categoria, na campanha deste ano, est\u00e3o o fim de cobran\u00e7as excessivas para o cumprimento de metas, defesa dos empregos diante dos avan\u00e7os tecnol\u00f3gicos no setor financeiro e reajuste com infla\u00e7\u00e3o mais aumento real de 5% (INPC na data-base).<\/p>\n<p>Veja os nove eixos da minuta de reivindica\u00e7\u00f5es:<\/p>\n<p>\u2022Aumento real de 5% (infla\u00e7\u00e3o + 5%), PLR maior e amplia\u00e7\u00e3o de direitos<br \/>\u2022Fim do ass\u00e9dio e dos instrumentos adoecedores na cobran\u00e7a de metas<br \/>\u2022Representa\u00e7\u00e3o de todos os trabalhadores do ramo financeiro<br \/>\u2022Defesa dos empregos, considerando os avan\u00e7os tecnol\u00f3gicos no trabalho banc\u00e1rio<br \/>\u2022Redu\u00e7\u00e3o da taxa de juros para induzir o crescimento econ\u00f4mico e gera\u00e7\u00e3o de emprego e renda<br \/>\u2022Reforma tribut\u00e1ria: tributar os super ricos e ampliar a isen\u00e7\u00e3o do IR na PLR<br \/>\u2022Fortalecimento das entidades sindicais e da negocia\u00e7\u00e3o coletiva<br \/>\u2022Amplia\u00e7\u00e3o da sindicaliza\u00e7\u00e3o<br \/>\u2022Fortalecimento do debate sobre a import\u00e2ncia das elei\u00e7\u00f5es de 2024 para a classe trabalhadora na defesa de seus direitos e da democracia: eleger candidatos e candidatas que tenham compromisso com as pautas dos trabalhadores<\/p>\n<p><b>Fonte: Contraf-CUT<\/b><\/p>\n","protected":false},"excerpt":{"rendered":"<p>O Comando Nacional dos Banc\u00e1rios entregar\u00e1 \u00e0 Federa\u00e7\u00e3o Nacional do Bancos (Fenaban), na pr\u00f3xima ter\u00e7a-feira (18), a minuta de reivindica\u00e7\u00f5es que servir\u00e1 de base \u00e0 Campanha Nacional de 2024, para a renova\u00e7\u00e3o da Conven\u00e7\u00e3o Coletiva de Trabalho da categoria. O documento foi constru\u00eddo a partir de diversas confer\u00eancias estaduais e regionais, em todo o pa\u00eds. [&hellip;]<\/p>\n","protected":false},"author":2,"featured_media":15406,"comment_status":"","ping_status":"","sticky":false,"template":"","format":"standard","meta":{"footnotes":""},"categories":[3],"tags":[],"class_list":["post-15407","post","type-post","status-publish","format-standard","has-post-thumbnail","hentry","category-noticias"],"_links":{"self":[{"href":"https:\/\/hostnetart.com.br\/baixada\/wp-json\/wp\/v2\/posts\/15407","targetHints":{"allow":["GET"]}}],"collection":[{"href":"https:\/\/hostnetart.com.br\/baixada\/wp-json\/wp\/v2\/posts"}],"about":[{"href":"https:\/\/hostnetart.com.br\/baixada\/wp-json\/wp\/v2\/types\/post"}],"author":[{"embeddable":true,"href":"https:\/\/hostnetart.com.br\/baixada\/wp-json\/wp\/v2\/users\/2"}],"replies":[{"embeddable":true,"href":"https:\/\/hostnetart.com.br\/baixada\/wp-json\/wp\/v2\/comments?post=15407"}],"version-history":[{"count":0,"href":"https:\/\/hostnetart.com.br\/baixada\/wp-json\/wp\/v2\/posts\/15407\/revisions"}],"wp:featuredmedia":[{"embeddable":true,"href":"https:\/\/hostnetart.com.br\/baixada\/wp-json\/wp\/v2\/media\/15406"}],"wp:attachment":[{"href":"https:\/\/hostnetart.com.br\/baixada\/wp-json\/wp\/v2\/media?parent=15407"}],"wp:term":[{"taxonomy":"category","embeddable":true,"href":"https:\/\/hostnetart.com.br\/baixada\/wp-json\/wp\/v2\/categories?post=15407"},{"taxonomy":"post_tag","embeddable":true,"href":"https:\/\/hostnetart.com.br\/baixada\/wp-json\/wp\/v2\/tags?post=15407"}],"curies":[{"name":"wp","href":"https:\/\/api.w.org\/{rel}","templated":true}]}}