{"id":15401,"date":"2024-06-11T19:52:55","date_gmt":"2024-06-11T22:52:55","guid":{"rendered":"https:\/\/hostnetart.com.br\/baixada\/assembleia-ira-deliberar-sobre-a-minuta-da-pauta-de-reivindicacoes-da-campanha-nacional-2024-nesta-quinta-13-6\/"},"modified":"2024-06-11T19:52:55","modified_gmt":"2024-06-11T22:52:55","slug":"assembleia-ira-deliberar-sobre-a-minuta-da-pauta-de-reivindicacoes-da-campanha-nacional-2024-nesta-quinta-13-6","status":"publish","type":"post","link":"https:\/\/hostnetart.com.br\/baixada\/assembleia-ira-deliberar-sobre-a-minuta-da-pauta-de-reivindicacoes-da-campanha-nacional-2024-nesta-quinta-13-6\/","title":{"rendered":"Assembleia ir\u00e1 deliberar sobre a minuta da pauta de reivindica\u00e7\u00f5es da Campanha Nacional 2024, nesta quinta (13\/6)"},"content":{"rendered":"<p>O Sindicato dos Banc\u00e1rios da Baixada Fluminense convoca todos os banc\u00e1rios e banc\u00e1rias, de bancos p\u00fablicos e privados, s\u00f3cios e n\u00e3o s\u00f3cios, para assembleia a ser realizada nesta <span dir=\"ltr\">quinta-feira, 13 de junho<\/span>, das 19 horas \u00e0s 23h59min,\u00a0para deliberar sobre:<\/p>\n<p>1. Autorizar a diretoria do Sindicato a negociar e celebrar Conven\u00e7\u00e3o Coletiva de Trabalho, Conven\u00e7\u00e3o Coletiva sobre Participa\u00e7\u00e3o dos Empregados nos Lucros e\/ou Resultados dos Bancos, Conven\u00e7\u00e3o Coletiva de Trabalho sobre Rela\u00e7\u00f5es Sindicais, Conven\u00e7\u00e3o Coletiva de Trabalho sobre Cooperativas e Acordos Coletivos de Trabalho aditivos \u00e0 CCT.<\/p>\n<p>2. Aprovar a minuta de pr\u00e9-acordo e minuta da Pauta de Reivindica\u00e7\u00f5es da categoria banc\u00e1ria que inclui\u00a0desconto a ser feito nos sal\u00e1rios dos empregados em raz\u00e3o da contrata\u00e7\u00e3o a ser realizada\u00a0(contribui\u00e7\u00e3o negocial).<\/p>\n<p><strong>PARA VOTAR<\/strong><\/p>\n<p>Para votar e participar, basta acessar o link de vota\u00e7\u00e3o:\u00a0<a href=\"https:\/\/bancarios.votabem.com.br\/\" target=\"_blank\" rel=\"noopener noreferrer\">https:\/\/bancarios.votabem.com.br\/<\/a><\/p>\n<p>O link estar\u00e1, tamb\u00e9m, dispon\u00edvel em nosso site (<a href=\"http:\/\/www.bancariosbaixada.org.br\/\" target=\"_blank\" rel=\"noopener noreferrer\">http:\/\/www.bancariosbaixada.org.br<\/a>)<\/p>\n<p><b>MINUTAS<\/b><\/p>\n<\/p>\n<p>Acesse\u00a0as minutas pelos links:<\/p>\n<p><strong><a href=\"https:\/\/site-bancariosbh.s3.amazonaws.com\/uploads\/arquivos\/minuta-do-pre-acordo_e31be1c1a98c49161523b587ace80ed8.pdf\" target=\"_blank\" rel=\"noopener noreferrer\">Minuta do pr\u00e9-acordo<\/a><\/strong><\/p>\n<p><a href=\"https:\/\/site-bancariosbh.s3.amazonaws.com\/uploads\/arquivos\/minuta-reivindicacoes-campanha-2024_07d5497d69c5277c12d60b6d990c9f27.pdf\" target=\"_blank\" rel=\"noopener noreferrer\"><strong>Minuta da Pauta de Reivindica\u00e7\u00f5es 2024<\/strong><\/a><\/p>\n<p><strong>IMPORTANTE<\/strong><\/p>\n<p>O Sindicato dos Banc\u00e1rios da Baixada Fluminense, seguindo orienta\u00e7\u00f5es da Confedera\u00e7\u00e3o Nacional dos Trabalhadores do Ramo Financeiro (Contraf-CUT), indica\u00a0a aprova\u00e7\u00e3o das delibera\u00e7\u00f5es propostas.\u00a0<\/p>\n","protected":false},"excerpt":{"rendered":"<p>O Sindicato dos Banc\u00e1rios da Baixada Fluminense convoca todos os banc\u00e1rios e banc\u00e1rias, de bancos p\u00fablicos e privados, s\u00f3cios e n\u00e3o s\u00f3cios, para assembleia a ser realizada nesta quinta-feira, 13 de junho, das 19 horas \u00e0s 23h59min,\u00a0para deliberar sobre: 1. Autorizar a diretoria do Sindicato a negociar e celebrar Conven\u00e7\u00e3o Coletiva de Trabalho, Conven\u00e7\u00e3o Coletiva [&hellip;]<\/p>\n","protected":false},"author":2,"featured_media":15400,"comment_status":"","ping_status":"","sticky":false,"template":"","format":"standard","meta":{"footnotes":""},"categories":[3],"tags":[],"class_list":["post-15401","post","type-post","status-publish","format-standard","has-post-thumbnail","hentry","category-noticias"],"_links":{"self":[{"href":"https:\/\/hostnetart.com.br\/baixada\/wp-json\/wp\/v2\/posts\/15401","targetHints":{"allow":["GET"]}}],"collection":[{"href":"https:\/\/hostnetart.com.br\/baixada\/wp-json\/wp\/v2\/posts"}],"about":[{"href":"https:\/\/hostnetart.com.br\/baixada\/wp-json\/wp\/v2\/types\/post"}],"author":[{"embeddable":true,"href":"https:\/\/hostnetart.com.br\/baixada\/wp-json\/wp\/v2\/users\/2"}],"replies":[{"embeddable":true,"href":"https:\/\/hostnetart.com.br\/baixada\/wp-json\/wp\/v2\/comments?post=15401"}],"version-history":[{"count":0,"href":"https:\/\/hostnetart.com.br\/baixada\/wp-json\/wp\/v2\/posts\/15401\/revisions"}],"wp:featuredmedia":[{"embeddable":true,"href":"https:\/\/hostnetart.com.br\/baixada\/wp-json\/wp\/v2\/media\/15400"}],"wp:attachment":[{"href":"https:\/\/hostnetart.com.br\/baixada\/wp-json\/wp\/v2\/media?parent=15401"}],"wp:term":[{"taxonomy":"category","embeddable":true,"href":"https:\/\/hostnetart.com.br\/baixada\/wp-json\/wp\/v2\/categories?post=15401"},{"taxonomy":"post_tag","embeddable":true,"href":"https:\/\/hostnetart.com.br\/baixada\/wp-json\/wp\/v2\/tags?post=15401"}],"curies":[{"name":"wp","href":"https:\/\/api.w.org\/{rel}","templated":true}]}}