{"id":15397,"date":"2024-06-11T14:47:53","date_gmt":"2024-06-11T17:47:53","guid":{"rendered":"https:\/\/hostnetart.com.br\/baixada\/trabalhadores-entregam-minuta-de-reivindicacoes-ao-santander\/"},"modified":"2024-06-11T14:47:53","modified_gmt":"2024-06-11T17:47:53","slug":"trabalhadores-entregam-minuta-de-reivindicacoes-ao-santander","status":"publish","type":"post","link":"https:\/\/hostnetart.com.br\/baixada\/trabalhadores-entregam-minuta-de-reivindicacoes-ao-santander\/","title":{"rendered":"Trabalhadores entregam minuta de reivindica\u00e7\u00f5es ao Santander"},"content":{"rendered":"<article class=\"article-content\">\n<section class=\"news-details\">\n<div class=\"news-details__body\">\n<div class=\"news-details__main-text visible\">\n<p>A Comiss\u00e3o de Organiza\u00e7\u00e3o dos Empregados (COE) do Santander, respons\u00e1vel pelas negocia\u00e7\u00f5es do acordo espec\u00edfico com o banco, entregou, na manh\u00e3 desta segunda-feira (10\/6), a minuta de reivindica\u00e7\u00f5es. A pauta foi aprovada durante o Encontro Nacional dos Funcion\u00e1rios do Santander, que ocorreu no \u00faltimo dia 6, na capital paulista.<\/p>\n<p>O encontro de hoje \u00e9 o primeiro passo para o in\u00edcio das negocia\u00e7\u00f5es do Acordo Coletivo de Trabalho (ACT) espec\u00edfico dos trabalhadores do banco \u2013 aditivo \u00e0 Conven\u00e7\u00e3o Coletiva de Trabalho (CCT) da categoria banc\u00e1ria, que ficar\u00e1 em vig\u00eancia no bi\u00eanio 2024-2026.<\/p>\n<p>\u201cEstivemos, nesta manh\u00e3, na sede do banco Santander, em S\u00e3o Paulo, com a vice-presidente de RH, Germanuela de Almeida de Abreu, para entregar a minuta de reivindica\u00e7\u00f5es. O documento tamb\u00e9m foi recebido pela superintend\u00eancia de RH Sindicais do banco, representada por Marcelo Couto\u201d, ressaltou a coordenadora da Comiss\u00e3o de Organiza\u00e7\u00e3o dos Empregados (COE\/Santander), Wanessa Queiroz. \u201cN\u00f3s iniciamos esta reuni\u00e3o com um pedido de calend\u00e1rio, para estabelecer as negocia\u00e7\u00f5es a partir do pr\u00f3ximo per\u00edodo\u201d, pontuou.\u00a0<\/p>\n<p>A representante dos trabalhadores e trabalhadoras do Santander, na mesa de negocia\u00e7\u00e3o com o banco, ressaltou que a minuta \u00e9 composta por tr\u00eas blocos: \u201co primeiro s\u00e3o das cl\u00e1usulas vigentes do acordo atual, que tem dura\u00e7\u00e3o at\u00e9 31 de agosto de 2024; o segundo bloco s\u00e3o das cl\u00e1usulas oriundas dos funcion\u00e1rios e funcion\u00e1rias do banco Banespa; e o terceiro s\u00e3o de cl\u00e1usulas novas, constru\u00eddas para encaminharmos as discuss\u00f5es e tamb\u00e9m as negocia\u00e7\u00f5es para a renova\u00e7\u00e3o da minuta deste ano\u201d, completou Wanessa.<\/p>\n<p><strong>Pr\u00e9-acordo para manter garantias\u00a0<\/strong><br \/>Junto com a minuta, os trabalhadores entregaram ao banco um pr\u00e9-acordo de garantias, assinado por todas as federa\u00e7\u00f5es sindicais que comp\u00f5em a Confedera\u00e7\u00e3o Nacional dos Trabalhadores do Ramo Financeiro (Contraf-CUT), e inclui Feeb-SP\/MT e a Afubesp. \u201cNa reuni\u00e3o, n\u00f3s enfatizamos a import\u00e2ncia deste termo, para garantir a manuten\u00e7\u00e3o de todos os direitos e conquistas do acordo vigente, tanto nas cl\u00e1usulas sociais e econ\u00f4micas quanto nas sindicais, at\u00e9 que possamos assinar um novo acordo&#8221;, observou Wanessa.\u00a0<\/p>\n<p><strong>PPRS<\/strong><br \/>\u201cOs representantes do banco destacaram que a empresa tem a expectativa de realizar uma altera\u00e7\u00e3o no acordo vigente, no que diz respeito ao pagamento da PPRS, para que possa ser compensada da PLR, como \u00e9 praticado por algumas outras institui\u00e7\u00f5es. N\u00f3s enfatizamos a import\u00e2ncia da manuten\u00e7\u00e3o dessa conquista aos trabalhadores que constru\u00edram e constroem os resultados do banco. Al\u00e9m disso, o banco Santander tem in\u00fameros incentivos fiscais no pagamento dos seus tributos. Portanto, parte desse valor deveria ser revertido com a distribui\u00e7\u00e3o linear para todos os seus trabalhadores no Brasil\u201d, completou a representante da COE.<\/p>\n<p><strong>Isen\u00e7\u00f5es\u00a0<\/strong><br \/>Wanessa destacou ainda que os trabalhadores ir\u00e3o priorizar, nesta campanha, a cobran\u00e7a ao banco para que isente totalmente as tarifas cobradas dos empregados. &#8220;O Santander \u00e9 o \u00fanico banco do pa\u00eds que cobra tarifa de seus funcion\u00e1rios. E deveria, tamb\u00e9m, assim como os demais, isentar as tarifas e reduzir juros cobrados dos funcion\u00e1rios&#8221;.<\/p>\n<p><strong>Redu\u00e7\u00e3o de jornada, PcDs e neurodivergentes<\/strong><br \/>Os trabalhadores tamb\u00e9m pedem, na minuta, a redu\u00e7\u00e3o de jornada para quatro dias. &#8220;Essa redu\u00e7\u00e3o j\u00e1 est\u00e1 sendo implementada em diversas empresas da Europa&#8221;, salientou a coordenadora da COE.<\/p>\n<p>O documento possui ainda medidas de inclus\u00e3o de direitos aos pais e funcion\u00e1rios com defici\u00eancias (PcDs) e neurodivergentes. &#8220;H\u00e1 uma demanda muito grande, atualmente, no banco sobre esses temas. Houve um aumento de 300% de solicita\u00e7\u00f5es de ajudas sociais para custear a co-partipa\u00e7\u00e3o que \u00e9 cobrada pelos planos de sa\u00fade e isso tem impacto no or\u00e7amento dos funcion\u00e1rios, porque h\u00e1 uma necessidade cont\u00ednua em terapias para a manuten\u00e7\u00e3o de tratamentos a esses grupos&#8221;, explicou Wanessa.<\/p>\n<p><strong>Termos de compromisso: Cabesp e Banesprev<\/strong><br \/>Anexa \u00e0 minuta, existem dois termos de compromisso, um da Cabesp e outro do Banesprev. &#8220;Estamos falando de importantes direitos garantidos e negociados pelo movimento sindical, desde a privatiza\u00e7\u00e3o do Banespa. \u00c9 fundamental que o banco continue com as suas responsabilidades econ\u00f4mica e social para com todos os funcion\u00e1rios, da ativa e os aposentados. \u00c9 fundamental o banco avan\u00e7ar para uma negocia\u00e7\u00e3o construtiva e que valorize todos os empregados no Brasil, na quest\u00e3o da previd\u00eancia bem como nos planos de sa\u00fade&#8221;, ressaltou Wanessa.<br \/><strong><br \/>Mobiliza\u00e7\u00e3o de todas e todos \u00e9 fundamental\u00a0<\/strong><br \/>\u201cO que recebemos do banco, a partir da fala da Germanuela, \u00e9 que fa\u00e7amos uma negocia\u00e7\u00e3o construtiva, que possamos nos ouvir e ter respeito durante todo o processo\u201d, avaliou Wanessa. \u201cDo nosso lado, \u00e9 importante a participa\u00e7\u00e3o e mobiliza\u00e7\u00e3o de todos e todas, para que \u00a0consigamos avan\u00e7ar nas negocia\u00e7\u00f5es. \u00c9 dessa forma, com a mobiliza\u00e7\u00e3o e unidade do movimento sindical e os funcion\u00e1rios, que iremos conseguir uma negocia\u00e7\u00e3o forte e muito representativa, nacionalmente, para que a gente possa atuar na manuten\u00e7\u00e3o de direitos e avan\u00e7ar em cl\u00e1usulas novas\u201d, concluiu.\u00a0<\/p>\n<p><strong>Fonte: Contraf-CUT<\/strong><\/p>\n<\/div>\n<\/div>\n<\/section>\n<\/article>\n","protected":false},"excerpt":{"rendered":"<p>A Comiss\u00e3o de Organiza\u00e7\u00e3o dos Empregados (COE) do Santander, respons\u00e1vel pelas negocia\u00e7\u00f5es do acordo espec\u00edfico com o banco, entregou, na manh\u00e3 desta segunda-feira (10\/6), a minuta de reivindica\u00e7\u00f5es. A pauta foi aprovada durante o Encontro Nacional dos Funcion\u00e1rios do Santander, que ocorreu no \u00faltimo dia 6, na capital paulista. O encontro de hoje \u00e9 o [&hellip;]<\/p>\n","protected":false},"author":2,"featured_media":15396,"comment_status":"","ping_status":"","sticky":false,"template":"","format":"standard","meta":{"footnotes":""},"categories":[3],"tags":[],"class_list":["post-15397","post","type-post","status-publish","format-standard","has-post-thumbnail","hentry","category-noticias"],"_links":{"self":[{"href":"https:\/\/hostnetart.com.br\/baixada\/wp-json\/wp\/v2\/posts\/15397","targetHints":{"allow":["GET"]}}],"collection":[{"href":"https:\/\/hostnetart.com.br\/baixada\/wp-json\/wp\/v2\/posts"}],"about":[{"href":"https:\/\/hostnetart.com.br\/baixada\/wp-json\/wp\/v2\/types\/post"}],"author":[{"embeddable":true,"href":"https:\/\/hostnetart.com.br\/baixada\/wp-json\/wp\/v2\/users\/2"}],"replies":[{"embeddable":true,"href":"https:\/\/hostnetart.com.br\/baixada\/wp-json\/wp\/v2\/comments?post=15397"}],"version-history":[{"count":0,"href":"https:\/\/hostnetart.com.br\/baixada\/wp-json\/wp\/v2\/posts\/15397\/revisions"}],"wp:featuredmedia":[{"embeddable":true,"href":"https:\/\/hostnetart.com.br\/baixada\/wp-json\/wp\/v2\/media\/15396"}],"wp:attachment":[{"href":"https:\/\/hostnetart.com.br\/baixada\/wp-json\/wp\/v2\/media?parent=15397"}],"wp:term":[{"taxonomy":"category","embeddable":true,"href":"https:\/\/hostnetart.com.br\/baixada\/wp-json\/wp\/v2\/categories?post=15397"},{"taxonomy":"post_tag","embeddable":true,"href":"https:\/\/hostnetart.com.br\/baixada\/wp-json\/wp\/v2\/tags?post=15397"}],"curies":[{"name":"wp","href":"https:\/\/api.w.org\/{rel}","templated":true}]}}