{"id":1539,"date":"2013-10-02T00:00:00","date_gmt":"2013-10-02T03:00:00","guid":{"rendered":"https:\/\/hostnetart.com.br\/baixada\/bancarios-fecham-11-016-agencias-e-ja-fazem-a-maior-greve-em-20-anos\/"},"modified":"2013-10-02T00:00:00","modified_gmt":"2013-10-02T03:00:00","slug":"bancarios-fecham-11-016-agencias-e-ja-fazem-a-maior-greve-em-20-anos","status":"publish","type":"post","link":"https:\/\/hostnetart.com.br\/baixada\/bancarios-fecham-11-016-agencias-e-ja-fazem-a-maior-greve-em-20-anos\/","title":{"rendered":"Banc\u00e1rios fecham 11.016 ag\u00eancias e j\u00e1 fazem a maior greve em 20 anos"},"content":{"rendered":"<p>Diante da recusa dos bancos em apresentar uma proposta que contemple as reivindica\u00e7\u00f5es por aumento real, valoriza\u00e7\u00e3o do piso, mais contrata\u00e7\u00f5es, melhores condi\u00e7\u00f5es de trabalho, mais seguran\u00e7a e igualdade de oportunidades, no 13\u00ba dia da greve nacional os banc\u00e1rios ampliaram ainda mais o movimento e fecharam 11.016 ag\u00eancias e centros administrativos em todo o pa\u00eds nesta ter\u00e7a-feira 1\u00ba de outubro.<\/p>\n<p>\u00a0<\/p>\n<p>\u201cEssa j\u00e1 \u00e9 a maior greve da categoria banc\u00e1ria dos \u00faltimos 20 anos. N\u00e3o apenas a paralisa\u00e7\u00e3o cresce a cada dia em todos os estados. Os banc\u00e1rios est\u00e3o indo pras ruas em manifesta\u00e7\u00f5es e passeatas, em muitos estados junto com outras categorias de trabalhadores, como ocorre esta semana com os petroleiros, para demonstrar sua indigna\u00e7\u00e3o com os bancos, que t\u00eam no Brasil os maiores lucros e a mais alta rentabilidade do sistema financeiro internacional, pagam sal\u00e1rios milion\u00e1rios a seus executivos e desrespeitam os trabalhadores que produzem esses resultados\u201d, afirma Carlos Cordeiro, presidente da Contraf-CUT e coordenador do Comando Nacional dos Banc\u00e1rios.<\/p>\n<p>\u00a0<\/p>\n<p>A greve foi deflagrada no dia 19 de setembro porque os bancos, em cinco rodadas duplas de negocia\u00e7\u00f5es, propuseram apenas a reposi\u00e7\u00e3o da infla\u00e7\u00e3o e recusaram as demais reivindica\u00e7\u00f5es econ\u00f4micas e sociais. No primeiro dia, foram fechadas 6.145 ag\u00eancias e departamentos nos 26 estados e no Distrito Federal. Nesses 13 dias em que os banqueiros sustentaram a intransig\u00eancia, a greve cresceu 79,2%.<\/p>\n<p>\u00a0<\/p>\n<p>\u201cO recado dos trabalhadores \u00e9 claro. A greve continuar\u00e1 crescendo enquanto n\u00e3o houver aumento real, valoriza\u00e7\u00e3o dos pisos, melhoria da PLR, prote\u00e7\u00e3o do emprego, melhores condi\u00e7\u00f5es de trabalho, mais seguran\u00e7a e igualdade de oportunidades\u201d, acrescenta Carlos Cordeiro.<\/p>\n<p>\u00a0<\/p>\n<p>\u00a0<\/p>\n<p><strong>As principais reivindica\u00e7\u00f5es dos banc\u00e1rios<\/strong><\/p>\n<p>\u00a0<\/p>\n<p>&gt; Reajuste salarial de 11,93% (5% de aumento real al\u00e9m da infla\u00e7\u00e3o)<\/p>\n<p>&gt; PLR: tr\u00eas sal\u00e1rios mais R$ 5.553,15.<\/p>\n<p>&gt; Piso: R$ 2.860,21 (sal\u00e1rio m\u00ednimo do Dieese).<\/p>\n<p>&gt; Aux\u00edlios alimenta\u00e7\u00e3o, refei\u00e7\u00e3o, 13\u00aa cesta e aux\u00edlio-creche\/bab\u00e1: R$ 678 ao m\u00eas para cada (sal\u00e1rio m\u00ednimo nacional).<\/p>\n<p>&gt; Melhores condi\u00e7\u00f5es de trabalho, com o fim das metas abusivas e do ass\u00e9dio moral que adoece os banc\u00e1rios.<\/p>\n<p>&gt; Emprego: fim das demiss\u00f5es, mais contrata\u00e7\u00f5es, aumento da inclus\u00e3o banc\u00e1ria, combate \u00e0s terceiriza\u00e7\u00f5es, especialmente ao PL 4330 que precariza as condi\u00e7\u00f5es de trabalho, al\u00e9m da aplica\u00e7\u00e3o da Conven\u00e7\u00e3o 158 da OIT, que pro\u00edbe as dispensas imotivadas.<\/p>\n<p>&gt; Plano de Cargos, Carreiras e Sal\u00e1rios (PCCS) para todos os banc\u00e1rios.<\/p>\n<p>&gt; Aux\u00edlio-educa\u00e7\u00e3o: pagamento para gradua\u00e7\u00e3o e p\u00f3s-gradua\u00e7\u00e3o.<\/p>\n<p>&gt; Preven\u00e7\u00e3o contra assaltos e sequestros, com o fim da guarda das chaves de cofres e ag\u00eancias por banc\u00e1rios.<\/p>\n<p>&gt; Igualdade de oportunidades para banc\u00e1rios e banc\u00e1rias, com a contrata\u00e7\u00e3o de pelo menos 20% de negros e negras.<\/p>\n<p>\u00a0<br \/>Fonte: Contraf-CUT<\/p>\n","protected":false},"excerpt":{"rendered":"<p>Diante da recusa dos bancos em apresentar uma proposta que contemple as reivindica\u00e7\u00f5es por aumento real, valoriza\u00e7\u00e3o do piso, mais contrata\u00e7\u00f5es, melhores condi\u00e7\u00f5es de trabalho, mais seguran\u00e7a e igualdade de oportunidades, no 13\u00ba dia da greve nacional os banc\u00e1rios ampliaram ainda mais o movimento e fecharam 11.016 ag\u00eancias e centros administrativos em todo o pa\u00eds [&hellip;]<\/p>\n","protected":false},"author":1,"featured_media":0,"comment_status":"","ping_status":"","sticky":false,"template":"","format":"standard","meta":{"footnotes":""},"categories":[3],"tags":[],"class_list":["post-1539","post","type-post","status-publish","format-standard","hentry","category-noticias"],"_links":{"self":[{"href":"https:\/\/hostnetart.com.br\/baixada\/wp-json\/wp\/v2\/posts\/1539","targetHints":{"allow":["GET"]}}],"collection":[{"href":"https:\/\/hostnetart.com.br\/baixada\/wp-json\/wp\/v2\/posts"}],"about":[{"href":"https:\/\/hostnetart.com.br\/baixada\/wp-json\/wp\/v2\/types\/post"}],"author":[{"embeddable":true,"href":"https:\/\/hostnetart.com.br\/baixada\/wp-json\/wp\/v2\/users\/1"}],"replies":[{"embeddable":true,"href":"https:\/\/hostnetart.com.br\/baixada\/wp-json\/wp\/v2\/comments?post=1539"}],"version-history":[{"count":0,"href":"https:\/\/hostnetart.com.br\/baixada\/wp-json\/wp\/v2\/posts\/1539\/revisions"}],"wp:attachment":[{"href":"https:\/\/hostnetart.com.br\/baixada\/wp-json\/wp\/v2\/media?parent=1539"}],"wp:term":[{"taxonomy":"category","embeddable":true,"href":"https:\/\/hostnetart.com.br\/baixada\/wp-json\/wp\/v2\/categories?post=1539"},{"taxonomy":"post_tag","embeddable":true,"href":"https:\/\/hostnetart.com.br\/baixada\/wp-json\/wp\/v2\/tags?post=1539"}],"curies":[{"name":"wp","href":"https:\/\/api.w.org\/{rel}","templated":true}]}}