{"id":15387,"date":"2024-06-07T15:09:41","date_gmt":"2024-06-07T18:09:41","guid":{"rendered":"https:\/\/hostnetart.com.br\/baixada\/encontros-nacionais-dos-bancos-privados-aprovam-pautas-de-reivindicacoes-especificas\/"},"modified":"2024-06-07T15:09:41","modified_gmt":"2024-06-07T18:09:41","slug":"encontros-nacionais-dos-bancos-privados-aprovam-pautas-de-reivindicacoes-especificas","status":"publish","type":"post","link":"https:\/\/hostnetart.com.br\/baixada\/encontros-nacionais-dos-bancos-privados-aprovam-pautas-de-reivindicacoes-especificas\/","title":{"rendered":"Encontros nacionais dos bancos privados aprovam pautas de reivindica\u00e7\u00f5es espec\u00edficas"},"content":{"rendered":"<\/p>\n<p>Nesta \u00faltima quinta-feira, 6 de junho, funcion\u00e1rias e funcion\u00e1rios dos bancos Bradesco, Ita\u00fa-Unibanco e Santander, aprovaram pautas de reivindica\u00e7\u00f5es espec\u00edficas, definidas em debates realizados durante o dia.<\/p>\n<p>Os encontros aconteceram em S\u00e3o Paulo.<\/p>\n<p><strong>SANTANDER<\/strong><\/p>\n<p>Delegados e delegadas de todo o Brasil estiveram reunidos para o Encontro Nacional dos Funcion\u00e1rios do Santander. Ap\u00f3s um longo dia de debates, que incluiu an\u00e1lise de conjuntura, apresenta\u00e7\u00e3o dos resultados da pesquisa de sa\u00fade, destaques do \u00faltimo balan\u00e7o do banco e discuss\u00e3o das propostas, os participantes aprovaram a minuta de reivindica\u00e7\u00f5es espec\u00edficas, que servir\u00e1 de base para as discuss\u00f5es da renova\u00e7\u00e3o do Acordo de Trabalho Coletivo (ACT) aditivo. O documento ser\u00e1 entregue ao Santander no dia 10 de junho.<\/p>\n<p><strong>BRADESCO<\/strong><\/p>\n<p>Defesa dos empregos e valoriza\u00e7\u00e3o dos funcion\u00e1rios, com melhorias nas cl\u00e1usulas econ\u00f4micas, nas condi\u00e7\u00f5es de trabalho e de sa\u00fade dos trabalhadores do Bradesco. Esses s\u00e3o alguns dos principais pontos da pauta de reivindica\u00e7\u00f5es espec\u00edficas dos funcion\u00e1rios do banco, aprovada durante o Encontro Nacional dos Funcion\u00e1rios do Bradesco, que ocorreu de forma h\u00edbrida, para que os banc\u00e1rios do Rio Grande Sul pudessem participar. O encontro reuniu trabalhadores de todo o pa\u00eds.<\/p>\n<p><strong>ITA\u00da<\/strong><\/p>\n<p>O Encontro Nacional dos Funcion\u00e1rios do Ita\u00fa reuniu banc\u00e1rios de todo o Brasil para aprovar a pauta de reivindica\u00e7\u00f5es que ser\u00e1 debatida na 26\u00aa Confer\u00eancia Nacional dos Trabalhadores do Ramo Financeiro, que ser\u00e1 realizada entre os dias 7 e 9 de junho. O documento ser\u00e1 posteriormente entregue ao banco.<\/p>\n","protected":false},"excerpt":{"rendered":"<p>Nesta \u00faltima quinta-feira, 6 de junho, funcion\u00e1rias e funcion\u00e1rios dos bancos Bradesco, Ita\u00fa-Unibanco e Santander, aprovaram pautas de reivindica\u00e7\u00f5es espec\u00edficas, definidas em debates realizados durante o dia. Os encontros aconteceram em S\u00e3o Paulo. SANTANDER Delegados e delegadas de todo o Brasil estiveram reunidos para o Encontro Nacional dos Funcion\u00e1rios do Santander. Ap\u00f3s um longo dia [&hellip;]<\/p>\n","protected":false},"author":2,"featured_media":15386,"comment_status":"","ping_status":"","sticky":false,"template":"","format":"standard","meta":{"footnotes":""},"categories":[3],"tags":[],"class_list":["post-15387","post","type-post","status-publish","format-standard","has-post-thumbnail","hentry","category-noticias"],"_links":{"self":[{"href":"https:\/\/hostnetart.com.br\/baixada\/wp-json\/wp\/v2\/posts\/15387","targetHints":{"allow":["GET"]}}],"collection":[{"href":"https:\/\/hostnetart.com.br\/baixada\/wp-json\/wp\/v2\/posts"}],"about":[{"href":"https:\/\/hostnetart.com.br\/baixada\/wp-json\/wp\/v2\/types\/post"}],"author":[{"embeddable":true,"href":"https:\/\/hostnetart.com.br\/baixada\/wp-json\/wp\/v2\/users\/2"}],"replies":[{"embeddable":true,"href":"https:\/\/hostnetart.com.br\/baixada\/wp-json\/wp\/v2\/comments?post=15387"}],"version-history":[{"count":0,"href":"https:\/\/hostnetart.com.br\/baixada\/wp-json\/wp\/v2\/posts\/15387\/revisions"}],"wp:featuredmedia":[{"embeddable":true,"href":"https:\/\/hostnetart.com.br\/baixada\/wp-json\/wp\/v2\/media\/15386"}],"wp:attachment":[{"href":"https:\/\/hostnetart.com.br\/baixada\/wp-json\/wp\/v2\/media?parent=15387"}],"wp:term":[{"taxonomy":"category","embeddable":true,"href":"https:\/\/hostnetart.com.br\/baixada\/wp-json\/wp\/v2\/categories?post=15387"},{"taxonomy":"post_tag","embeddable":true,"href":"https:\/\/hostnetart.com.br\/baixada\/wp-json\/wp\/v2\/tags?post=15387"}],"curies":[{"name":"wp","href":"https:\/\/api.w.org\/{rel}","templated":true}]}}