{"id":15385,"date":"2024-06-07T15:08:41","date_gmt":"2024-06-07T18:08:41","guid":{"rendered":"https:\/\/hostnetart.com.br\/baixada\/39-conecef-define-reivindicacoes-especificas-para-a-caixa\/"},"modified":"2024-06-07T15:08:41","modified_gmt":"2024-06-07T18:08:41","slug":"39-conecef-define-reivindicacoes-especificas-para-a-caixa","status":"publish","type":"post","link":"https:\/\/hostnetart.com.br\/baixada\/39-conecef-define-reivindicacoes-especificas-para-a-caixa\/","title":{"rendered":"39\u00ba Conecef define reivindica\u00e7\u00f5es espec\u00edficas para a Caixa"},"content":{"rendered":"<\/p>\n<p>Com 218 delegadas e delegados representantes das bases sindicais de todo o pa\u00eds, o 39\u00ba Congresso Nacional dos Empregados da Caixa Econ\u00f4mica Federal (Conecef) aprovou a minuta de reivindica\u00e7\u00f5es espec\u00edficas das empregadas e empregados a ser entregue para o banco ap\u00f3s a aprova\u00e7\u00e3o da minuta geral da categoria na 26\u00aa Confer\u00eancia Nacional dos Banc\u00e1rios, que ser\u00e1 realizada neste final de semana (7 a 9\/6), em S\u00e3o Paulo.<\/p>\n<p>\u201cForam tr\u00eas dias de debates que nos ajudaram a refletir melhor sobre as propostas trazidas pelas nossas bases sindicais em todo o pa\u00eds. Sa\u00edmos daqui com reivindica\u00e7\u00f5es que v\u00e3o permitir negociar com a Caixa, para trazer solu\u00e7\u00f5es aos problemas e dificuldades dos empregados, que afetam o dia a dia de trabalho no banco, al\u00e9m de exigir amplia\u00e7\u00e3o dos direitos, inclusive relacionadas \u00e0 Funcef e o Sa\u00fade Caixa\u201d, afirmou o presidente da Federa\u00e7\u00e3o Nacional das Associa\u00e7\u00f5es do Pessoal da Caixa (Fenae), S\u00e9rgio Takemoto.<\/p>\n<h2><b>Mesas tem\u00e1ticas<\/b><\/h2>\n<p>As mesas tem\u00e1ticas do encontro trouxeram aos banc\u00e1rios e banc\u00e1rias presentes informa\u00e7\u00f5es sobre conjunturas pol\u00edtica e econ\u00f4mica, previd\u00eancia complementar (Funcef) e plano de sa\u00fade (Sa\u00fade Caixa).<\/p>\n<p>\u201cOs debates realizados durante o Conecef refor\u00e7aram a necessidade do fim do teto do banco para custeio do Sa\u00fade Caixa (definido em 6,5% da folha de pagamentos), de negociarmos uma proposta para o equacionamento dos d\u00e9ficits da Funcef que n\u00e3o onere ainda mais, nem promova redu\u00e7\u00e3o de direitos dos participantes, e de solucionarmos os diversos pontos que prejudicam as condi\u00e7\u00f5es de trabalho no banco e est\u00e3o levando os empregados ao adoecimento\u201d, disse o coordenador da Comiss\u00e3o Executiva dos Empregados (CEE) da Caixa, Rafael de Castro. \u201cO congresso tamb\u00e9m reafirmou nossa luta em defesa da Caixa 100% p\u00fablica e da unifica\u00e7\u00e3o da luta em defesa dos direitos da categoria banc\u00e1ria\u201d, completou.<\/p>\n<p>\u201cAl\u00e9m da pauta de negocia\u00e7\u00e3o, o Conecef destacou que a import\u00e2ncia da participa\u00e7\u00e3o da base n\u00e3o se resume a trazer reivindica\u00e7\u00f5es e, sim, a aderir e participar ativamente das a\u00e7\u00f5es de luta propostas pelo movimento sindical\u201d, concluiu Tesifon Quevedo Neto, representante da Feeb-SP\/MS na CEE Caixa.<\/p>\n<h2><b>Homenagem<\/b><\/h2>\n<p><img decoding=\"async\" src=\"https:\/\/contrafcut.com.br\/data\/files\/A5\/A7\/0A\/BC\/8D2FF810F7E33EF8820808A8\/WhatsApp%20Image%202024-06-06%20at%2020.01.45.jpeg\" alt=\"WhatsApp Image 2024-06-06 at 20.01.45.jpeg\" data-cfsrc=\"..\/..\/data\/files\/A5\/A7\/0A\/BC\/8D2FF810F7E33EF8820808A8\/WhatsApp%20Image%202024-06-06%20at%2020.01.45.jpeg\" \/><\/p>\n<p>Na mesa final do 39\u00ba Conecef, o movimento sindical e associativo das empregadas e empregados da Caixa fizeram uma homenagem \u00e0 Fabiana Uehara Proscholdt, que coordenou a CEE nos \u00faltimos quatro anos e se afastou recentemente para ocupar a vaga de representante eleita no Conselho de Administra\u00e7\u00e3o da Caixa.<\/p>\n<p>\u201cN\u00f3s, seus companheiros e companheiras do movimento sindical e associativo, queremos fazer um agradecimento especial pela sua atua\u00e7\u00e3o na coordena\u00e7\u00e3o da CEE\/Caixa\u201d, disse o presidente do Sindicato dos Banc\u00e1rios de Curitiba e diretor da Fenae, Ant\u00f4nio Luiz Fermino, ao ler o texto de homenagem redigido pelas entidades.<\/p>\n<p>Fermino lembrou que, \u201cnesses \u00faltimos quatros anos, Fabi foi determinada e uma grande lutadora nas negocia\u00e7\u00f5es com o banco, em especial no per\u00edodo de 2020 a 2022, marcado por um governo fascista que visava a privatiza\u00e7\u00e3o da nossa empresa e a retirada total de direitos, e correspondeu \u00e0 confian\u00e7a depositada por seus colegas, defendendo os trabalhadores e a Caixa enquanto empresa 100% p\u00fablica. Soube agregar os diversos segmentos que comp\u00f5em o movimento nacional dos empregados da Caixa, garantindo unidade e fortalecimento da nossa luta.\u201d<\/p>\n<p>\u201cConte com o apoio dos seus companheiros e companheiras do movimento associativo e sindical! Estaremos unidos por mais direitos e um Brasil melhor!\u201d, concluiu a mensagem lida por Firmino.<\/p>\n<p>Fabi agradeceu a homenagem e tamb\u00e9m se colocou \u00e0 disposi\u00e7\u00e3o dos seus colegas de trabalho na Caixa, tanto como militante, quanto como representante das empregadas e empregados no CA da Caixa.<\/p>\n<p>\u201cTenho muito a agradecer a voc\u00eas. N\u00e3o apenas pela homenagem, mas tamb\u00e9m pela participa\u00e7\u00e3o de voc\u00eas no processo eleitoral do Conselho de Administra\u00e7\u00e3o\u201d, disse Fabi. \u201cAcredito que o conjunto das empregadas e empregados pode fazer a diferen\u00e7a em um Conselho onde h\u00e1 apenas uma representante das trabalhadoras e trabalhadores, em meio a tantos outros que representam interesses diferentes dos nossos\u201d, completou, ressaltando que conta com a ajuda das empregadas e empregados, fazendo press\u00e3o por meio de manifesta\u00e7\u00f5es e conversas as bases sindicais da Caixa e junto a autoridades no Legislativo, no Judici\u00e1rio e no Governo. \u201cSomente assim conseguirei fazer a verdadeira representa\u00e7\u00e3o dos trabalhadores no CA da Caixa\u201d, concluiu.<\/p>\n<p><strong>Fonte: Contraf-CUT<\/strong><\/p>\n","protected":false},"excerpt":{"rendered":"<p>Com 218 delegadas e delegados representantes das bases sindicais de todo o pa\u00eds, o 39\u00ba Congresso Nacional dos Empregados da Caixa Econ\u00f4mica Federal (Conecef) aprovou a minuta de reivindica\u00e7\u00f5es espec\u00edficas das empregadas e empregados a ser entregue para o banco ap\u00f3s a aprova\u00e7\u00e3o da minuta geral da categoria na 26\u00aa Confer\u00eancia Nacional dos Banc\u00e1rios, que [&hellip;]<\/p>\n","protected":false},"author":2,"featured_media":15384,"comment_status":"","ping_status":"","sticky":false,"template":"","format":"standard","meta":{"footnotes":""},"categories":[3],"tags":[],"class_list":["post-15385","post","type-post","status-publish","format-standard","has-post-thumbnail","hentry","category-noticias"],"_links":{"self":[{"href":"https:\/\/hostnetart.com.br\/baixada\/wp-json\/wp\/v2\/posts\/15385","targetHints":{"allow":["GET"]}}],"collection":[{"href":"https:\/\/hostnetart.com.br\/baixada\/wp-json\/wp\/v2\/posts"}],"about":[{"href":"https:\/\/hostnetart.com.br\/baixada\/wp-json\/wp\/v2\/types\/post"}],"author":[{"embeddable":true,"href":"https:\/\/hostnetart.com.br\/baixada\/wp-json\/wp\/v2\/users\/2"}],"replies":[{"embeddable":true,"href":"https:\/\/hostnetart.com.br\/baixada\/wp-json\/wp\/v2\/comments?post=15385"}],"version-history":[{"count":0,"href":"https:\/\/hostnetart.com.br\/baixada\/wp-json\/wp\/v2\/posts\/15385\/revisions"}],"wp:featuredmedia":[{"embeddable":true,"href":"https:\/\/hostnetart.com.br\/baixada\/wp-json\/wp\/v2\/media\/15384"}],"wp:attachment":[{"href":"https:\/\/hostnetart.com.br\/baixada\/wp-json\/wp\/v2\/media?parent=15385"}],"wp:term":[{"taxonomy":"category","embeddable":true,"href":"https:\/\/hostnetart.com.br\/baixada\/wp-json\/wp\/v2\/categories?post=15385"},{"taxonomy":"post_tag","embeddable":true,"href":"https:\/\/hostnetart.com.br\/baixada\/wp-json\/wp\/v2\/tags?post=15385"}],"curies":[{"name":"wp","href":"https:\/\/api.w.org\/{rel}","templated":true}]}}