{"id":15383,"date":"2024-06-07T15:07:54","date_gmt":"2024-06-07T18:07:54","guid":{"rendered":"https:\/\/hostnetart.com.br\/baixada\/trabalhadores-do-bb-aprovam-pauta-de-reivindicacoes-em-encontro-nacional\/"},"modified":"2024-06-07T15:07:54","modified_gmt":"2024-06-07T18:07:54","slug":"trabalhadores-do-bb-aprovam-pauta-de-reivindicacoes-em-encontro-nacional","status":"publish","type":"post","link":"https:\/\/hostnetart.com.br\/baixada\/trabalhadores-do-bb-aprovam-pauta-de-reivindicacoes-em-encontro-nacional\/","title":{"rendered":"Trabalhadores do BB aprovam pauta de reivindica\u00e7\u00f5es em encontro nacional"},"content":{"rendered":"<\/p>\n<p id=\"block-4bb7d626-fa4b-4ae6-ade1-c962873edd80\" tabindex=\"0\" data-block=\"4bb7d626-fa4b-4ae6-ade1-c962873edd80\" data-title=\"Par\u00e1grafo\" data-type=\"core\/paragraph\">A minuta de reivindica\u00e7\u00f5es espec\u00edficas das funcion\u00e1rias e funcion\u00e1rios do Banco do Brasil foi aprovada por 263 delegadas e delegados, representantes das bases sindicais de norte a sul do pa\u00eds, durante o 34\u00ba Congresso Nacional dos Funcion\u00e1rios do Banco do Brasil, que come\u00e7ou na ter\u00e7a-feira (4) e terminou nesta quinta-feira (6).<br data-rich-text-line-break=\"true\" \/><br data-rich-text-line-break=\"true\" \/>O conte\u00fado do documento ser\u00e1 entregue ao banco, ap\u00f3s a aprova\u00e7\u00e3o da minuta geral da categoria, durante a 26\u00aa Confer\u00eancia Nacional dos Banc\u00e1rios, que vai acontecer neste fim de semana (entre 7 e 9), em S\u00e3o Paulo.<br data-rich-text-line-break=\"true\" \/><br data-rich-text-line-break=\"true\" \/>\u201cSa\u00edmos deste congresso unificados, com a atualiza\u00e7\u00e3o da minuta, que cont\u00e9m temas extremamente importantes para o futuro das funcion\u00e1rias e funcion\u00e1rios do BB. E, assim, prontos para enfrentar a campanha com pautas fundamentais para o conjunto das trabalhadoras e trabalhadores\u201d, destacou a funcion\u00e1ria do BB e coordenadora da Comiss\u00e3o de Empresa dos Funcion\u00e1rios do Banco do Brasil (CEBB), Fernanda Lopes.<\/p>\n<h3 id=\"block-d8c7a411-d12c-4745-8e3b-7752f4dafd99\" tabindex=\"0\" data-block=\"d8c7a411-d12c-4745-8e3b-7752f4dafd99\" data-title=\"T\u00edtulo\" data-type=\"core\/heading\"><strong>Entre as principais estrat\u00e9gias est\u00e3o:<\/strong><\/h3>\n<p id=\"block-bea53410-019b-4362-84b9-9cda28277e4b\" tabindex=\"0\" data-block=\"bea53410-019b-4362-84b9-9cda28277e4b\" data-title=\"Par\u00e1grafo\" data-type=\"core\/paragraph\">\u2013 Reivindica\u00e7\u00f5es que envolvem a Cassi, incluindo o acesso da Caixa de Assist\u00eancia dos Funcion\u00e1rios do BB para todos os trabalhadores de bancos incorporados;<br data-rich-text-line-break=\"true\" \/>\u2013 Cargos que o banco precisa rever, como caixa, supervisor de atendimento e gerente de servi\u00e7o, onde os funcion\u00e1rios t\u00eam pautas importantes e espec\u00edficas;<br data-rich-text-line-break=\"true\" \/>\u2013 Reivindica\u00e7\u00f5es das Centrais de Relacionamento do Banco do Brasil (CRBBs);<br data-rich-text-line-break=\"true\" \/>\u2013 Fim do Performa e as distor\u00e7\u00f5es que o programa causou sobre o encarreiramento;<br data-rich-text-line-break=\"true\" \/>\u2013 Valoriza\u00e7\u00e3o salarial da categoria.<\/p>\n<p id=\"block-734ade89-fefe-4b1d-bfa2-66da675c5ee2\" tabindex=\"0\" data-block=\"734ade89-fefe-4b1d-bfa2-66da675c5ee2\" data-title=\"Par\u00e1grafo\" data-type=\"core\/paragraph\">\u201cTamb\u00e9m aprovamos estrat\u00e9gias para melhorar a diversidade. Vamos pedir mesas espec\u00edficas com o banco, para entregar as pautas dos grupos auto-organizados\u201d, completou Fernanda Lopes.<\/p>\n<p><strong>Fonte: Contraf-CUT<\/strong><\/p>\n","protected":false},"excerpt":{"rendered":"<p>A minuta de reivindica\u00e7\u00f5es espec\u00edficas das funcion\u00e1rias e funcion\u00e1rios do Banco do Brasil foi aprovada por 263 delegadas e delegados, representantes das bases sindicais de norte a sul do pa\u00eds, durante o 34\u00ba Congresso Nacional dos Funcion\u00e1rios do Banco do Brasil, que come\u00e7ou na ter\u00e7a-feira (4) e terminou nesta quinta-feira (6).O conte\u00fado do documento ser\u00e1 [&hellip;]<\/p>\n","protected":false},"author":2,"featured_media":15382,"comment_status":"","ping_status":"","sticky":false,"template":"","format":"standard","meta":{"footnotes":""},"categories":[3],"tags":[],"class_list":["post-15383","post","type-post","status-publish","format-standard","has-post-thumbnail","hentry","category-noticias"],"_links":{"self":[{"href":"https:\/\/hostnetart.com.br\/baixada\/wp-json\/wp\/v2\/posts\/15383","targetHints":{"allow":["GET"]}}],"collection":[{"href":"https:\/\/hostnetart.com.br\/baixada\/wp-json\/wp\/v2\/posts"}],"about":[{"href":"https:\/\/hostnetart.com.br\/baixada\/wp-json\/wp\/v2\/types\/post"}],"author":[{"embeddable":true,"href":"https:\/\/hostnetart.com.br\/baixada\/wp-json\/wp\/v2\/users\/2"}],"replies":[{"embeddable":true,"href":"https:\/\/hostnetart.com.br\/baixada\/wp-json\/wp\/v2\/comments?post=15383"}],"version-history":[{"count":0,"href":"https:\/\/hostnetart.com.br\/baixada\/wp-json\/wp\/v2\/posts\/15383\/revisions"}],"wp:featuredmedia":[{"embeddable":true,"href":"https:\/\/hostnetart.com.br\/baixada\/wp-json\/wp\/v2\/media\/15382"}],"wp:attachment":[{"href":"https:\/\/hostnetart.com.br\/baixada\/wp-json\/wp\/v2\/media?parent=15383"}],"wp:term":[{"taxonomy":"category","embeddable":true,"href":"https:\/\/hostnetart.com.br\/baixada\/wp-json\/wp\/v2\/categories?post=15383"},{"taxonomy":"post_tag","embeddable":true,"href":"https:\/\/hostnetart.com.br\/baixada\/wp-json\/wp\/v2\/tags?post=15383"}],"curies":[{"name":"wp","href":"https:\/\/api.w.org\/{rel}","templated":true}]}}