{"id":1538,"date":"2014-07-22T00:00:00","date_gmt":"2014-07-22T03:00:00","guid":{"rendered":"https:\/\/hostnetart.com.br\/baixada\/16-conferencia-nacional-dos-bancarios-comeca-na-proxima-sexta-em-atibaia\/"},"modified":"2014-07-22T00:00:00","modified_gmt":"2014-07-22T03:00:00","slug":"16-conferencia-nacional-dos-bancarios-comeca-na-proxima-sexta-em-atibaia","status":"publish","type":"post","link":"https:\/\/hostnetart.com.br\/baixada\/16-conferencia-nacional-dos-bancarios-comeca-na-proxima-sexta-em-atibaia\/","title":{"rendered":"16\u00aa Confer\u00eancia Nacional dos Banc\u00e1rios come\u00e7a na pr\u00f3xima sexta em Atibaia"},"content":{"rendered":"<p>Ter\u00e1 in\u00edcio na pr\u00f3xima sexta-feira (25), \u00e0s 9h30, a 16\u00aa Confer\u00eancia Nacional dos Banc\u00e1rios, o maior f\u00f3rum anual de delibera\u00e7\u00f5es da categoria no Brasil. O evento, que vai at\u00e9 domingo (27), ser\u00e1 realizado no Hotel Bourbon Atibaia (Rodovia Fern\u00e3o Dias, km 37,5), em Atibaia (SP). Est\u00e1 prevista a participa\u00e7\u00e3o de delegados eleitos em todo o pa\u00eds. A todo ser\u00e3o 696 participantes, incluindo os observadores.<\/p>\n<p>\u00a0<\/p>\n<p>Haver\u00e1 pain\u00e9is sobre conjuntura, sistema financeiro e mundo do trabalho, bem como estar\u00e3o em debate as propostas aprovadas nas confer\u00eancias estaduais e interestaduais e encontros preparat\u00f3rios em todo o pa\u00eds. Tamb\u00e9m acontecer\u00e1 a apresenta\u00e7\u00e3o dos resultados da consulta feita pelos sindicatos aos banc\u00e1rios para ouvir as prioridades de cada colega para a campanha deste ano.<\/p>\n<p>\u00a0<\/p>\n<p>Os quatro grandes eixos tem\u00e1ticos s\u00e3o: emprego (corte\/demiss\u00f5es, rotatividade e terceiriza\u00e7\u00e3o); reestrutura\u00e7\u00e3o produtiva no sistema financeiro (banco de futuro, correspondentes banc\u00e1rios e bancos pelo celular); remunera\u00e7\u00e3o (aumento real, piso salarial e PCS); e condi\u00e7\u00f5es de trabalho (metas e seguran\u00e7a banc\u00e1ria). Os trabalhos em grupos ser\u00e3o tamb\u00e9m permeados pela discuss\u00e3o da estrat\u00e9gia da campanha.<\/p>\n<p>\u00a0<\/p>\n<p>\u201cVamos realizar mais uma grande confer\u00eancia nacional, coroando esse processo democr\u00e1tico e participativo de constru\u00e7\u00e3o da campanha, que valoriza a opini\u00e3o de cada banc\u00e1rio e banc\u00e1ria desde o local de trabalho. E com ousadia, unidade e mobiliza\u00e7\u00e3o, vamos enfrentar os desafios da conjuntura atual e buscar novos avan\u00e7os para a categoria e a classe trabalhadora\u201d, afirma Carlos Cordeiro, presidente da Contraf-CUT e coordenador do Comando Nacional dos Banc\u00e1rios.<\/p>\n<p>\u00a0<\/p>\n<p>Na plen\u00e1ria final da 16\u00aa Confer\u00eancia, ser\u00e1 aprovada a pauta nacional de reivindica\u00e7\u00f5es, que ser\u00e1 entregue para a Fenaban, a fim de ser negociada com os bancos para a renova\u00e7\u00e3o da conven\u00e7\u00e3o coletiva de trabalho dos banc\u00e1rios. \u201cCom os lucros gigantescos acumulados, os bancos n\u00e3o t\u00eam motivos para negar o atendimento das demandas da categoria\u201d, ressalta.<\/p>\n<p>\u00a0<\/p>\n<p>\u00a0<\/p>\n<p><strong>Programa\u00e7\u00e3o<\/strong><\/p>\n<p>\u00a0<\/p>\n<p>\u00a0<\/p>\n<p><strong>Sexta \u2013 dia 25 de julho<\/strong><\/p>\n<p>8h30 \u00e0s 18h: Credenciamento<br \/>9h30 \u00e0s 11h: Painel sobre Condi\u00e7\u00f5es de Trabalho e Remunera\u00e7\u00e3o<br \/>11h \u00e0s 12h30: Painel sobre emprego e reestrutura\u00e7\u00e3o produtiva<br \/>12h30 \u00e0s 14h30: Almo\u00e7o e \u201ccheck in\u201d no hotel.<br \/>14h30 \u00e0s 16h: Painel \u201cEm defesa da democracia \u2013 Ditadura Nunca Mais\u201d<br \/>16h \u00e0s 18h: Painel do Plebiscito sobre a Reforma Pol\u00edtica<br \/>19h: Abertura solene.<br \/>21h: Jantar<\/p>\n<p>\u00a0<\/p>\n<p>\u00a0<\/p>\n<p><strong>S\u00e1bado \u2013 dia 26 de julho\u00a0<\/strong><\/p>\n<p>8h30 \u00e0s 13h: Credenciamento.<br \/>9h \u00e0s 9h30: Vota\u00e7\u00e3o do regimento interno.<br \/>9h30 \u00e0s 10h: Apresenta\u00e7\u00e3o dos resultados da consulta 2014.<br \/>10h30 \u00e0s 12h30: An\u00e1lise de conjuntura.<br \/>12h30 \u00e0s 14h: Almo\u00e7o.<br \/>14h \u00e0s 18h: Trabalho em grupos \u2013 emprego (1), reestrutura\u00e7\u00e3o produtiva no sistema financeiro (2), remunera\u00e7\u00e3o (3) e condi\u00e7\u00f5es de trabalho (4).<br \/>19h: Jantar.<\/p>\n<p>\u00a0<\/p>\n<p>\u00a0<\/p>\n<p><strong>Domingo \u2013 dia 27 de julho\u00a0<\/strong><\/p>\n<p>9h30 \u00e0s 9h45: Apresenta\u00e7\u00e3o da campanha de m\u00eddia<br \/>9h45 \u00e0s 13h: Plen\u00e1ria final.<br \/>Fonte: Contraf-CUT<\/p>\n","protected":false},"excerpt":{"rendered":"<p>Ter\u00e1 in\u00edcio na pr\u00f3xima sexta-feira (25), \u00e0s 9h30, a 16\u00aa Confer\u00eancia Nacional dos Banc\u00e1rios, o maior f\u00f3rum anual de delibera\u00e7\u00f5es da categoria no Brasil. O evento, que vai at\u00e9 domingo (27), ser\u00e1 realizado no Hotel Bourbon Atibaia (Rodovia Fern\u00e3o Dias, km 37,5), em Atibaia (SP). Est\u00e1 prevista a participa\u00e7\u00e3o de delegados eleitos em todo o [&hellip;]<\/p>\n","protected":false},"author":1,"featured_media":1537,"comment_status":"","ping_status":"","sticky":false,"template":"","format":"standard","meta":{"footnotes":""},"categories":[3],"tags":[],"class_list":["post-1538","post","type-post","status-publish","format-standard","has-post-thumbnail","hentry","category-noticias"],"_links":{"self":[{"href":"https:\/\/hostnetart.com.br\/baixada\/wp-json\/wp\/v2\/posts\/1538","targetHints":{"allow":["GET"]}}],"collection":[{"href":"https:\/\/hostnetart.com.br\/baixada\/wp-json\/wp\/v2\/posts"}],"about":[{"href":"https:\/\/hostnetart.com.br\/baixada\/wp-json\/wp\/v2\/types\/post"}],"author":[{"embeddable":true,"href":"https:\/\/hostnetart.com.br\/baixada\/wp-json\/wp\/v2\/users\/1"}],"replies":[{"embeddable":true,"href":"https:\/\/hostnetart.com.br\/baixada\/wp-json\/wp\/v2\/comments?post=1538"}],"version-history":[{"count":0,"href":"https:\/\/hostnetart.com.br\/baixada\/wp-json\/wp\/v2\/posts\/1538\/revisions"}],"wp:featuredmedia":[{"embeddable":true,"href":"https:\/\/hostnetart.com.br\/baixada\/wp-json\/wp\/v2\/media\/1537"}],"wp:attachment":[{"href":"https:\/\/hostnetart.com.br\/baixada\/wp-json\/wp\/v2\/media?parent=1538"}],"wp:term":[{"taxonomy":"category","embeddable":true,"href":"https:\/\/hostnetart.com.br\/baixada\/wp-json\/wp\/v2\/categories?post=1538"},{"taxonomy":"post_tag","embeddable":true,"href":"https:\/\/hostnetart.com.br\/baixada\/wp-json\/wp\/v2\/tags?post=1538"}],"curies":[{"name":"wp","href":"https:\/\/api.w.org\/{rel}","templated":true}]}}