{"id":15375,"date":"2024-06-04T15:20:56","date_gmt":"2024-06-04T18:20:56","guid":{"rendered":"https:\/\/hostnetart.com.br\/baixada\/funcionarios-do-bradesco-realizam-encontro-nacional-nesta-quinta-feira-6\/"},"modified":"2024-06-04T15:20:56","modified_gmt":"2024-06-04T18:20:56","slug":"funcionarios-do-bradesco-realizam-encontro-nacional-nesta-quinta-feira-6","status":"publish","type":"post","link":"https:\/\/hostnetart.com.br\/baixada\/funcionarios-do-bradesco-realizam-encontro-nacional-nesta-quinta-feira-6\/","title":{"rendered":"Funcion\u00e1rios do Bradesco realizam Encontro Nacional nesta quinta-feira (6)"},"content":{"rendered":"<p>Os banc\u00e1rios do Bradesco realizam seu encontro nacional, nesta quinta-feira (6), na sede do Sindicato dos Banc\u00e1rios de S\u00e3o Paulo, na capital paulista. Os debates do dia ser\u00e3o convergidos na minuta espec\u00edfica dos trabalhadores, entregue ao Bradesco posteriormente.<\/p>\n<p>\u201cVamos debater a import\u00e2ncia da mobiliza\u00e7\u00e3o num ano eleitoral e de campanha salarial\u201d, afirmou Magaly Fagundes, coordenadora da Comiss\u00e3o de Organiza\u00e7\u00e3o dos Empregados (COE) do Bradesco. \u201cOs principais pontos da pauta ser\u00e3o emprego e campanha de mobiliza\u00e7\u00e3o\u201d, completou.<\/p>\n<p>Confira a programa\u00e7\u00e3o:<\/p>\n<p><img fetchpriority=\"high\" decoding=\"async\" class=\"alignnone size-full wp-image-24379\" src=\"https:\/\/fetrafrjes.org.br\/wp-content\/uploads\/2024\/06\/Funcionarios-do-Bradesco-realizam-Encontro-Nacional-nesta-quinta-feira-6-2.jpeg\" alt=\"\" width=\"816\" height=\"1280\" \/><\/p>\n<p><strong>Fonte: Contraf-CUT<\/strong><\/p>\n","protected":false},"excerpt":{"rendered":"<p>Os banc\u00e1rios do Bradesco realizam seu encontro nacional, nesta quinta-feira (6), na sede do Sindicato dos Banc\u00e1rios de S\u00e3o Paulo, na capital paulista. Os debates do dia ser\u00e3o convergidos na minuta espec\u00edfica dos trabalhadores, entregue ao Bradesco posteriormente. \u201cVamos debater a import\u00e2ncia da mobiliza\u00e7\u00e3o num ano eleitoral e de campanha salarial\u201d, afirmou Magaly Fagundes, coordenadora [&hellip;]<\/p>\n","protected":false},"author":2,"featured_media":15374,"comment_status":"","ping_status":"","sticky":false,"template":"","format":"standard","meta":{"footnotes":""},"categories":[3],"tags":[],"class_list":["post-15375","post","type-post","status-publish","format-standard","has-post-thumbnail","hentry","category-noticias"],"_links":{"self":[{"href":"https:\/\/hostnetart.com.br\/baixada\/wp-json\/wp\/v2\/posts\/15375","targetHints":{"allow":["GET"]}}],"collection":[{"href":"https:\/\/hostnetart.com.br\/baixada\/wp-json\/wp\/v2\/posts"}],"about":[{"href":"https:\/\/hostnetart.com.br\/baixada\/wp-json\/wp\/v2\/types\/post"}],"author":[{"embeddable":true,"href":"https:\/\/hostnetart.com.br\/baixada\/wp-json\/wp\/v2\/users\/2"}],"replies":[{"embeddable":true,"href":"https:\/\/hostnetart.com.br\/baixada\/wp-json\/wp\/v2\/comments?post=15375"}],"version-history":[{"count":0,"href":"https:\/\/hostnetart.com.br\/baixada\/wp-json\/wp\/v2\/posts\/15375\/revisions"}],"wp:featuredmedia":[{"embeddable":true,"href":"https:\/\/hostnetart.com.br\/baixada\/wp-json\/wp\/v2\/media\/15374"}],"wp:attachment":[{"href":"https:\/\/hostnetart.com.br\/baixada\/wp-json\/wp\/v2\/media?parent=15375"}],"wp:term":[{"taxonomy":"category","embeddable":true,"href":"https:\/\/hostnetart.com.br\/baixada\/wp-json\/wp\/v2\/categories?post=15375"},{"taxonomy":"post_tag","embeddable":true,"href":"https:\/\/hostnetart.com.br\/baixada\/wp-json\/wp\/v2\/tags?post=15375"}],"curies":[{"name":"wp","href":"https:\/\/api.w.org\/{rel}","templated":true}]}}