{"id":15373,"date":"2024-06-04T15:18:40","date_gmt":"2024-06-04T18:18:40","guid":{"rendered":"https:\/\/hostnetart.com.br\/baixada\/funcionarios-do-santander-realizam-encontro-nacional-nesta-quinta-feira-6\/"},"modified":"2024-06-04T15:18:40","modified_gmt":"2024-06-04T18:18:40","slug":"funcionarios-do-santander-realizam-encontro-nacional-nesta-quinta-feira-6","status":"publish","type":"post","link":"https:\/\/hostnetart.com.br\/baixada\/funcionarios-do-santander-realizam-encontro-nacional-nesta-quinta-feira-6\/","title":{"rendered":"Funcion\u00e1rios do Santander realizam Encontro Nacional nesta quinta-feira (6)"},"content":{"rendered":"<p>Os funcion\u00e1rios do banco Santander realizam na quinta-feira (6) seu encontro nacional para debater sobre a pauta de reivindica\u00e7\u00f5es da categoria para a Campanha Nacional do Banc\u00e1rios e sobre o Acordo Coletivo de Trabalho (ACT) espec\u00edfico com o banco. O evento re\u00fane funcion\u00e1rios de todo o pa\u00eds, no Novotel Jaragu\u00e1 Conventions, em S\u00e3o Paulo.<\/p>\n<p>\u201c\u00c9 um momento estrat\u00e9gico para nossa Campanha Nacional, no qual vamos debater sobre quest\u00f5es que afligem todos os trabalhadores da ativa e os aposentados do Santander, de todo o pa\u00eds, para definir as reivindica\u00e7\u00f5es espec\u00edficas que apresentaremos ao banco no pr\u00f3ximo dia 10, com a presen\u00e7a confirmada da VP de Rh\u201d, disse a coordenadora da Comiss\u00e3o de Organiza\u00e7\u00e3o dos Empregados (COE) do Santander, Wanessa de Queiroz.<\/p>\n<p>Wanessa ainda ressalta a import\u00e2ncia do Acordo Coletivo de Trabalho (ACT) do Santander. \u201cNele consta as conquistas e os direitos de todos os bancos que foram fusionados e adquiridos pelo Santander desde a sua vinda ao Brasil, destacando a import\u00e2ncia da manuten\u00e7\u00e3o dos direitos das cl\u00e1usulas econ\u00f4micas, sociais e sindicais. Entre as cl\u00e1usulas econ\u00f4micas, n\u00f3s validamos na renova\u00e7\u00e3o deste acordo todos os programas de remunera\u00e7\u00e3o vari\u00e1vel, a PPRS, que \u00e9 distribu\u00eddo linearmente a todos os trabalhadores e corrigido pelo \u00edndice da CCT, como tamb\u00e9m as 2.500 bolsas de estudo que cont\u00eam concursos de gradua\u00e7\u00e3o, p\u00f3s-gradua\u00e7\u00e3o e MBA\u201d, lembrou.<\/p>\n<p>\u201cNossa expectativa \u00e9 fazer uma grande campanha, renovar o acordo vigente e avan\u00e7ar nas cl\u00e1usulas novas. Entre elas, destacamos o direito \u00e0 desconex\u00e3o, a redu\u00e7\u00e3o da jornada para quatro dias semanais e tamb\u00e9m avan\u00e7ar nas pautas, seja dos funcion\u00e1rios neurodivergentes, ou mesmo os funcion\u00e1rios que t\u00eam filhos nessa condi\u00e7\u00e3o, seja autista, TDH, para que possamos minimizar os custos do plano de sa\u00fade de todos os participantes, dos pertencentes a esse grupo\u201d, finalizou.<\/p>\n<p>Conhe\u00e7a a programa\u00e7\u00e3o completa:<\/p>\n<p><img fetchpriority=\"high\" decoding=\"async\" class=\"alignnone size-full wp-image-24375\" src=\"https:\/\/fetrafrjes.org.br\/wp-content\/uploads\/2024\/06\/Funcionarios-do-Santander-realizam-Encontro-Nacional-nesta-quinta-feira-6-2.jpeg\" alt=\"\" width=\"816\" height=\"1280\" \/><\/p>\n<p><strong>Fonte: Contraf-CUT<\/strong><\/p>\n","protected":false},"excerpt":{"rendered":"<p>Os funcion\u00e1rios do banco Santander realizam na quinta-feira (6) seu encontro nacional para debater sobre a pauta de reivindica\u00e7\u00f5es da categoria para a Campanha Nacional do Banc\u00e1rios e sobre o Acordo Coletivo de Trabalho (ACT) espec\u00edfico com o banco. O evento re\u00fane funcion\u00e1rios de todo o pa\u00eds, no Novotel Jaragu\u00e1 Conventions, em S\u00e3o Paulo. \u201c\u00c9 [&hellip;]<\/p>\n","protected":false},"author":2,"featured_media":15372,"comment_status":"","ping_status":"","sticky":false,"template":"","format":"standard","meta":{"footnotes":""},"categories":[3],"tags":[],"class_list":["post-15373","post","type-post","status-publish","format-standard","has-post-thumbnail","hentry","category-noticias"],"_links":{"self":[{"href":"https:\/\/hostnetart.com.br\/baixada\/wp-json\/wp\/v2\/posts\/15373","targetHints":{"allow":["GET"]}}],"collection":[{"href":"https:\/\/hostnetart.com.br\/baixada\/wp-json\/wp\/v2\/posts"}],"about":[{"href":"https:\/\/hostnetart.com.br\/baixada\/wp-json\/wp\/v2\/types\/post"}],"author":[{"embeddable":true,"href":"https:\/\/hostnetart.com.br\/baixada\/wp-json\/wp\/v2\/users\/2"}],"replies":[{"embeddable":true,"href":"https:\/\/hostnetart.com.br\/baixada\/wp-json\/wp\/v2\/comments?post=15373"}],"version-history":[{"count":0,"href":"https:\/\/hostnetart.com.br\/baixada\/wp-json\/wp\/v2\/posts\/15373\/revisions"}],"wp:featuredmedia":[{"embeddable":true,"href":"https:\/\/hostnetart.com.br\/baixada\/wp-json\/wp\/v2\/media\/15372"}],"wp:attachment":[{"href":"https:\/\/hostnetart.com.br\/baixada\/wp-json\/wp\/v2\/media?parent=15373"}],"wp:term":[{"taxonomy":"category","embeddable":true,"href":"https:\/\/hostnetart.com.br\/baixada\/wp-json\/wp\/v2\/categories?post=15373"},{"taxonomy":"post_tag","embeddable":true,"href":"https:\/\/hostnetart.com.br\/baixada\/wp-json\/wp\/v2\/tags?post=15373"}],"curies":[{"name":"wp","href":"https:\/\/api.w.org\/{rel}","templated":true}]}}