{"id":15371,"date":"2024-06-04T15:14:26","date_gmt":"2024-06-04T18:14:26","guid":{"rendered":"https:\/\/hostnetart.com.br\/baixada\/bancarios-do-itau-realizam-encontro-nacional-nesta-quinta-feira-6\/"},"modified":"2024-06-04T15:14:26","modified_gmt":"2024-06-04T18:14:26","slug":"bancarios-do-itau-realizam-encontro-nacional-nesta-quinta-feira-6","status":"publish","type":"post","link":"https:\/\/hostnetart.com.br\/baixada\/bancarios-do-itau-realizam-encontro-nacional-nesta-quinta-feira-6\/","title":{"rendered":"Banc\u00e1rios do Ita\u00fa realizam encontro nacional nesta quinta-feira (6)"},"content":{"rendered":"<p>O Encontro Nacional dos Funcion\u00e1rios do Banco Ita\u00fa-Unibanco acontece nesta quinta-feira (6), na sede da Confedera\u00e7\u00e3o Nacional dos Trabalhadores do Ramo Financeiro (Contraf-CUT) em S\u00e3o Paulo. Os trabalhadores debater\u00e3o emprego, remunera\u00e7\u00e3o, sa\u00fade, condi\u00e7\u00f5es de trabalho, diversidade e previd\u00eancia complementar.<\/p>\n<p>\u201cNosso objetivo \u00e9 tirar uma estrat\u00e9gia para negociar com o banco nossa pauta de reivindica\u00e7\u00f5es espec\u00edficas, fruto desse encontro\u201d, afirmou Jair Alves, coordenador da Comiss\u00e3o de Organiza\u00e7\u00e3o dos Empregados (COE) do Ita\u00fa. \u201cN\u00f3s vamos priorizar nosso debate em tr\u00eas pontos fundamentais: ramo financeiro, holding Ita\u00fa e diversidade e conv\u00eanio m\u00e9dico\u201d, completou.<\/p>\n<p>Confira a programa\u00e7\u00e3o completa abaixo:<\/p>\n<p><img fetchpriority=\"high\" decoding=\"async\" class=\"alignnone size-full wp-image-24370\" src=\"https:\/\/fetrafrjes.org.br\/wp-content\/uploads\/2024\/06\/Bancarios-do-Itau-realizam-encontro-nacional-nesta-quinta-feira-6-2.jpeg\" alt=\"\" width=\"730\" height=\"1280\" \/><\/p>\n<p><strong>Fonte: Contraf-CUT<\/strong><\/p>\n","protected":false},"excerpt":{"rendered":"<p>O Encontro Nacional dos Funcion\u00e1rios do Banco Ita\u00fa-Unibanco acontece nesta quinta-feira (6), na sede da Confedera\u00e7\u00e3o Nacional dos Trabalhadores do Ramo Financeiro (Contraf-CUT) em S\u00e3o Paulo. Os trabalhadores debater\u00e3o emprego, remunera\u00e7\u00e3o, sa\u00fade, condi\u00e7\u00f5es de trabalho, diversidade e previd\u00eancia complementar. \u201cNosso objetivo \u00e9 tirar uma estrat\u00e9gia para negociar com o banco nossa pauta de reivindica\u00e7\u00f5es espec\u00edficas, [&hellip;]<\/p>\n","protected":false},"author":2,"featured_media":15370,"comment_status":"","ping_status":"","sticky":false,"template":"","format":"standard","meta":{"footnotes":""},"categories":[3],"tags":[],"class_list":["post-15371","post","type-post","status-publish","format-standard","has-post-thumbnail","hentry","category-noticias"],"_links":{"self":[{"href":"https:\/\/hostnetart.com.br\/baixada\/wp-json\/wp\/v2\/posts\/15371","targetHints":{"allow":["GET"]}}],"collection":[{"href":"https:\/\/hostnetart.com.br\/baixada\/wp-json\/wp\/v2\/posts"}],"about":[{"href":"https:\/\/hostnetart.com.br\/baixada\/wp-json\/wp\/v2\/types\/post"}],"author":[{"embeddable":true,"href":"https:\/\/hostnetart.com.br\/baixada\/wp-json\/wp\/v2\/users\/2"}],"replies":[{"embeddable":true,"href":"https:\/\/hostnetart.com.br\/baixada\/wp-json\/wp\/v2\/comments?post=15371"}],"version-history":[{"count":0,"href":"https:\/\/hostnetart.com.br\/baixada\/wp-json\/wp\/v2\/posts\/15371\/revisions"}],"wp:featuredmedia":[{"embeddable":true,"href":"https:\/\/hostnetart.com.br\/baixada\/wp-json\/wp\/v2\/media\/15370"}],"wp:attachment":[{"href":"https:\/\/hostnetart.com.br\/baixada\/wp-json\/wp\/v2\/media?parent=15371"}],"wp:term":[{"taxonomy":"category","embeddable":true,"href":"https:\/\/hostnetart.com.br\/baixada\/wp-json\/wp\/v2\/categories?post=15371"},{"taxonomy":"post_tag","embeddable":true,"href":"https:\/\/hostnetart.com.br\/baixada\/wp-json\/wp\/v2\/tags?post=15371"}],"curies":[{"name":"wp","href":"https:\/\/api.w.org\/{rel}","templated":true}]}}