{"id":15367,"date":"2024-06-03T13:42:01","date_gmt":"2024-06-03T16:42:01","guid":{"rendered":"https:\/\/hostnetart.com.br\/baixada\/veja-a-programacao-do-39-conecef\/"},"modified":"2024-06-03T13:42:01","modified_gmt":"2024-06-03T16:42:01","slug":"veja-a-programacao-do-39-conecef","status":"publish","type":"post","link":"https:\/\/hostnetart.com.br\/baixada\/veja-a-programacao-do-39-conecef\/","title":{"rendered":"Veja a programa\u00e7\u00e3o do 39\u00ba Conecef"},"content":{"rendered":"<\/p>\n<div class=\"elementor-element elementor-element-194680ec elementor-widget elementor-widget-theme-post-content\" data-id=\"194680ec\" data-element_type=\"widget\" data-widget_type=\"theme-post-content.default\">\n<div class=\"elementor-widget-container\">\n<div class=\"elementor-element elementor-element-194680ec elementor-widget elementor-widget-theme-post-content\" data-id=\"194680ec\" data-element_type=\"widget\" data-widget_type=\"theme-post-content.default\">\n<div class=\"elementor-widget-container\">\n<p>A programa\u00e7\u00e3o do 39\u00ba Congresso Nacional dos Empregados da Caixa Econ\u00f4mica Federal (Conecef), que ser\u00e1 realizado nos dias 4 a 6 de junho, em S\u00e3o Paulo, foi divulgada nesta sexta-feira (31). O fim do teto do banco para custeio do Sa\u00fade Caixa (definido em 6,5% da folha de pagamentos); o equacionamento dos d\u00e9ficits da Funcef; a solu\u00e7\u00e3o dos problemas que afetam as condi\u00e7\u00f5es de trabalho das empregadas e empregados; e a defesa da Caixa 100% p\u00fablica s\u00e3o os principais pontos que ser\u00e3o debatidos. As delegadas e delegados que representam as bases de todo o pa\u00eds tamb\u00e9m v\u00e3o refletir sobre a import\u00e2ncia de, nas elei\u00e7\u00f5es municipais de outro, se eleger candidatos comprometidos com a classe trabalhadora.<\/p>\n<p><strong>&gt;&gt;&gt;&gt;&gt;<\/strong> Veja a programa\u00e7\u00e3o completa ao final deste texto<\/p>\n<p>\u201cN\u00e3o vamos nos limitar ao debate destes pontos, vamos chegar ao final de nosso congresso com um plano de lutas sobre as quest\u00f5es levantadas nas bases e j\u00e1 discutidas nos encontros estaduais e regionais que afetam o dia a dia de trabalho na Caixa, al\u00e9m de diversos outros que dizem respeito a toda classe trabalhadora\u201d, disse o coordenador da CEE, Rafael de Castro.<\/p>\n<p>\u201cExistem alguns eixos centrais que precisam ser debatidos, e outros que j\u00e1 fazem parte de nossas reivindica\u00e7\u00f5es que devem ser ratificados, como a exig\u00eancia do fim do teto de custeio do Sa\u00fade Caixa\u201d, completou.<\/p>\n<p>Acompanhe o site e as redes sociais da Contraf-CUT, das federa\u00e7\u00f5es, de seu sindicato, da Fenae e das Apcefs para mais informa\u00e7\u00f5es sobre o 39\u00ba Conecef.<\/p>\n<div class=\"wp-block-image\">\n<figure class=\"aligncenter size-large\"><img fetchpriority=\"high\" decoding=\"async\" class=\"wp-image-310370\" src=\"https:\/\/contrafcut.com.br\/wp-content\/uploads\/2024\/05\/programcao-39o-conecef-1-scaled.jpeg\" sizes=\"(max-width: 1634px) 100vw, 1634px\" srcset=\"https:\/\/contrafcut.com.br\/wp-content\/uploads\/2024\/05\/programcao-39o-conecef-1-scaled.jpeg 1634w, https:\/\/contrafcut.com.br\/wp-content\/uploads\/2024\/05\/programcao-39o-conecef-1-147x230.jpeg 147w, https:\/\/contrafcut.com.br\/wp-content\/uploads\/2024\/05\/programcao-39o-conecef-1-768x1203.jpeg 768w, https:\/\/contrafcut.com.br\/wp-content\/uploads\/2024\/05\/programcao-39o-conecef-1-981x1536.jpeg 981w, https:\/\/contrafcut.com.br\/wp-content\/uploads\/2024\/05\/programcao-39o-conecef-1-1307x2048.jpeg 1307w\" alt=\"\" width=\"1634\" height=\"2560\" data-cfsrc=\"https:\/\/contrafcut.com.br\/wp-content\/uploads\/2024\/05\/programcao-39o-conecef-1-scaled.jpeg\" \/><\/figure>\n<p><b>Fonte: Contraf-CUT<\/b><\/p>\n<\/div>\n<\/div>\n<\/div>\n<\/div>\n<\/div>\n","protected":false},"excerpt":{"rendered":"<p>A programa\u00e7\u00e3o do 39\u00ba Congresso Nacional dos Empregados da Caixa Econ\u00f4mica Federal (Conecef), que ser\u00e1 realizado nos dias 4 a 6 de junho, em S\u00e3o Paulo, foi divulgada nesta sexta-feira (31). O fim do teto do banco para custeio do Sa\u00fade Caixa (definido em 6,5% da folha de pagamentos); o equacionamento dos d\u00e9ficits da Funcef; [&hellip;]<\/p>\n","protected":false},"author":2,"featured_media":15366,"comment_status":"","ping_status":"","sticky":false,"template":"","format":"standard","meta":{"footnotes":""},"categories":[3],"tags":[],"class_list":["post-15367","post","type-post","status-publish","format-standard","has-post-thumbnail","hentry","category-noticias"],"_links":{"self":[{"href":"https:\/\/hostnetart.com.br\/baixada\/wp-json\/wp\/v2\/posts\/15367","targetHints":{"allow":["GET"]}}],"collection":[{"href":"https:\/\/hostnetart.com.br\/baixada\/wp-json\/wp\/v2\/posts"}],"about":[{"href":"https:\/\/hostnetart.com.br\/baixada\/wp-json\/wp\/v2\/types\/post"}],"author":[{"embeddable":true,"href":"https:\/\/hostnetart.com.br\/baixada\/wp-json\/wp\/v2\/users\/2"}],"replies":[{"embeddable":true,"href":"https:\/\/hostnetart.com.br\/baixada\/wp-json\/wp\/v2\/comments?post=15367"}],"version-history":[{"count":0,"href":"https:\/\/hostnetart.com.br\/baixada\/wp-json\/wp\/v2\/posts\/15367\/revisions"}],"wp:featuredmedia":[{"embeddable":true,"href":"https:\/\/hostnetart.com.br\/baixada\/wp-json\/wp\/v2\/media\/15366"}],"wp:attachment":[{"href":"https:\/\/hostnetart.com.br\/baixada\/wp-json\/wp\/v2\/media?parent=15367"}],"wp:term":[{"taxonomy":"category","embeddable":true,"href":"https:\/\/hostnetart.com.br\/baixada\/wp-json\/wp\/v2\/categories?post=15367"},{"taxonomy":"post_tag","embeddable":true,"href":"https:\/\/hostnetart.com.br\/baixada\/wp-json\/wp\/v2\/tags?post=15367"}],"curies":[{"name":"wp","href":"https:\/\/api.w.org\/{rel}","templated":true}]}}