{"id":15363,"date":"2024-06-03T13:35:57","date_gmt":"2024-06-03T16:35:57","guid":{"rendered":"https:\/\/hostnetart.com.br\/baixada\/cebb-divulga-programacao-do-34-congresso-nacional-dos-funcionarios-do-bb\/"},"modified":"2024-06-03T13:35:57","modified_gmt":"2024-06-03T16:35:57","slug":"cebb-divulga-programacao-do-34-congresso-nacional-dos-funcionarios-do-bb","status":"publish","type":"post","link":"https:\/\/hostnetart.com.br\/baixada\/cebb-divulga-programacao-do-34-congresso-nacional-dos-funcionarios-do-bb\/","title":{"rendered":"CEBB divulga programa\u00e7\u00e3o do 34\u00ba Congresso Nacional dos Funcion\u00e1rios do BB"},"content":{"rendered":"<\/p>\n<div class=\"elementor-element elementor-element-194680ec elementor-widget elementor-widget-theme-post-content\" data-id=\"194680ec\" data-element_type=\"widget\" data-widget_type=\"theme-post-content.default\">\n<div class=\"elementor-widget-container\">\n<p>A Comiss\u00e3o de Empresa dos Funcion\u00e1rios do Banco do Brasil (CEBB) finalizou, na \u00faltima quarta-feira (29), a programa\u00e7\u00e3o dos debates do 34\u00ba Congresso Nacional dos Funcion\u00e1rios do BB que, neste ano, ser\u00e1 realizado entre os dias 4 e 6 de junho, na capital de S\u00e3o Paulo.<\/p>\n<p>Na ter\u00e7a-feira (4), est\u00e1 programada a abertura solene do evento, a partir das 16h30. J\u00e1 as mesas de debates ser\u00e3o realizadas nos dias subsequentes, come\u00e7ando com a aprova\u00e7\u00e3o do regimento interno do congresso, \u00e0s 9h de quarta-feira (5). <em>Veja a programa\u00e7\u00e3o no final deste texto<\/em>.<\/p>\n<p>\u201cAl\u00e9m das reuni\u00f5es das centrais sindicais e correntes pol\u00edticas, vamos realizar cinco mesas com temas fundamentais \u00e0s nossas pautas de luta, para seguir fundamentando nossas reivindica\u00e7\u00f5es\u201d, explica a coordenadora da CEBB, Fernanda Lopes.\u00a0<\/p>\n<p>Entre os temas das cinco mesas est\u00e3o \u201cos desafios da sociedade e dos trabalhadores\u201d; \u201cprevid\u00eancia\u201d; \u201cpapel dos bancos p\u00fablicos para o desenvolvimento do pa\u00eds\u201d; \u201csa\u00fade e condi\u00e7\u00f5es de trabalho\u201d; e \u201cigualdade de oportunidades\u201d.\u00a0<\/p>\n<p>Nesta sexta-feira (31), a Contraf-CUT encaminha um comunicado para todas as federa\u00e7\u00f5es e sindicatos com a programa\u00e7\u00e3o completa e as \u00faltimas orienta\u00e7\u00f5es aos representantes de cada base sindical do pa\u00eds.<\/p>\n<h3>Programa\u00e7\u00e3o resumida<\/h3>\n<p><strong>4\/6 \u2013 ter\u00e7a-feira<\/strong><\/p>\n<p>16h30 \u2013 abertura solene do 34\u00ba Congresso Nacional dos Funcion\u00e1rios do Banco do Brasil<\/p>\n<p><strong>5\/6 \u2013 quarta-feira\u00a0<\/strong><\/p>\n<p>9h \u2013 Aprova\u00e7\u00e3o do regimento interno do 34\u00ba Congresso<\/p>\n<p>10h \u2013 <strong>Mesa 1<\/strong> \u2013 Os desafios da sociedade e dos trabalhadores\u00a0<\/p>\n<p>11h35 \u2013 <strong>Mesa 2<\/strong> \u2013 Previd\u00eancia\u00a0<\/p>\n<p>13h \u2013 Almo\u00e7o<\/p>\n<p>14h \u2013 <strong>Mesa 3<\/strong> \u2013 Papel dos bancos p\u00fablicos no desenvolvimento do pa\u00eds\u00a0<\/p>\n<p>15h35 \u2013 <strong>Mesa 4 <\/strong>\u2013 Sa\u00fade e condi\u00e7\u00f5es de trabalho\u00a0<\/p>\n<p><strong>6\/6 \u2013 quinta-feira\u00a0<\/strong><\/p>\n<p>9h \u2013 Reuni\u00f5es das centrais sindicais e correntes pol\u00edticas\u00a0<\/p>\n<p>12h \u2013 Almo\u00e7o\u00a0<\/p>\n<p>13h \u2013 <strong>Mesa 5<\/strong> \u2013 Igualdade de oportunidades\u00a0<\/p>\n<p>15h \u2013 Plen\u00e1ria final\u00a0<\/p>\n<div class=\"wp-block-image\">\n<figure class=\"aligncenter size-large\"><img fetchpriority=\"high\" decoding=\"async\" class=\"wp-image-310357\" src=\"https:\/\/contrafcut.com.br\/wp-content\/uploads\/2024\/05\/programacao-bb-24-scaled.jpg\" sizes=\"(max-width: 1634px) 100vw, 1634px\" srcset=\"https:\/\/contrafcut.com.br\/wp-content\/uploads\/2024\/05\/programacao-bb-24-scaled.jpg 1634w, https:\/\/contrafcut.com.br\/wp-content\/uploads\/2024\/05\/programacao-bb-24-147x230.jpg 147w, https:\/\/contrafcut.com.br\/wp-content\/uploads\/2024\/05\/programacao-bb-24-768x1203.jpg 768w, https:\/\/contrafcut.com.br\/wp-content\/uploads\/2024\/05\/programacao-bb-24-981x1536.jpg 981w, https:\/\/contrafcut.com.br\/wp-content\/uploads\/2024\/05\/programacao-bb-24-1307x2048.jpg 1307w\" alt=\"\" width=\"1634\" height=\"2560\" data-cfsrc=\"https:\/\/contrafcut.com.br\/wp-content\/uploads\/2024\/05\/programacao-bb-24-scaled.jpg\" \/><\/figure>\n<\/div>\n<\/div>\n<\/div>\n<p><b>Fonte: Contraf-CUT<\/b><\/p>\n","protected":false},"excerpt":{"rendered":"<p>A Comiss\u00e3o de Empresa dos Funcion\u00e1rios do Banco do Brasil (CEBB) finalizou, na \u00faltima quarta-feira (29), a programa\u00e7\u00e3o dos debates do 34\u00ba Congresso Nacional dos Funcion\u00e1rios do BB que, neste ano, ser\u00e1 realizado entre os dias 4 e 6 de junho, na capital de S\u00e3o Paulo. Na ter\u00e7a-feira (4), est\u00e1 programada a abertura solene do [&hellip;]<\/p>\n","protected":false},"author":2,"featured_media":15362,"comment_status":"","ping_status":"","sticky":false,"template":"","format":"standard","meta":{"footnotes":""},"categories":[3],"tags":[],"class_list":["post-15363","post","type-post","status-publish","format-standard","has-post-thumbnail","hentry","category-noticias"],"_links":{"self":[{"href":"https:\/\/hostnetart.com.br\/baixada\/wp-json\/wp\/v2\/posts\/15363","targetHints":{"allow":["GET"]}}],"collection":[{"href":"https:\/\/hostnetart.com.br\/baixada\/wp-json\/wp\/v2\/posts"}],"about":[{"href":"https:\/\/hostnetart.com.br\/baixada\/wp-json\/wp\/v2\/types\/post"}],"author":[{"embeddable":true,"href":"https:\/\/hostnetart.com.br\/baixada\/wp-json\/wp\/v2\/users\/2"}],"replies":[{"embeddable":true,"href":"https:\/\/hostnetart.com.br\/baixada\/wp-json\/wp\/v2\/comments?post=15363"}],"version-history":[{"count":0,"href":"https:\/\/hostnetart.com.br\/baixada\/wp-json\/wp\/v2\/posts\/15363\/revisions"}],"wp:featuredmedia":[{"embeddable":true,"href":"https:\/\/hostnetart.com.br\/baixada\/wp-json\/wp\/v2\/media\/15362"}],"wp:attachment":[{"href":"https:\/\/hostnetart.com.br\/baixada\/wp-json\/wp\/v2\/media?parent=15363"}],"wp:term":[{"taxonomy":"category","embeddable":true,"href":"https:\/\/hostnetart.com.br\/baixada\/wp-json\/wp\/v2\/categories?post=15363"},{"taxonomy":"post_tag","embeddable":true,"href":"https:\/\/hostnetart.com.br\/baixada\/wp-json\/wp\/v2\/tags?post=15363"}],"curies":[{"name":"wp","href":"https:\/\/api.w.org\/{rel}","templated":true}]}}