{"id":15355,"date":"2024-05-29T13:49:31","date_gmt":"2024-05-29T16:49:31","guid":{"rendered":"https:\/\/hostnetart.com.br\/baixada\/contraf-cut-e-fenae-lancam-subsidios-que-destacam-papel-social-da-caixa\/"},"modified":"2024-05-29T13:49:31","modified_gmt":"2024-05-29T16:49:31","slug":"contraf-cut-e-fenae-lancam-subsidios-que-destacam-papel-social-da-caixa","status":"publish","type":"post","link":"https:\/\/hostnetart.com.br\/baixada\/contraf-cut-e-fenae-lancam-subsidios-que-destacam-papel-social-da-caixa\/","title":{"rendered":"Contraf-CUT e Fenae lan\u00e7am subs\u00eddios que destacam papel social da Caixa"},"content":{"rendered":"<div class=\"adn ads\" data-message-id=\"#msg-f:1800345720420932543\" data-legacy-message-id=\"18fc1ce4e2959bbf\">\n<div class=\"gs\">\n<div class=\"\">\n<div id=\":si\" class=\"ii gt\">\n<div class=\"a3s aiL \">\u00a0<\/div>\n<div class=\"a3s aiL \">\n<p>A Confedera\u00e7\u00e3o Nacional dos Trabalhadores do Ramo Financeiro (Contraf-CUT) e a Federa\u00e7\u00e3o Nacional das Associa\u00e7\u00f5es do Pessoal da Caixa (Fenae) lan\u00e7aram nesta ter\u00e7a-feira (28), no sal\u00e3o nobre da C\u00e2mara dos Deputados, a Agenda Pol\u00edtico-Institucional 2024 e Caderno Caixa no Brasil: descritivo por unidade federativa \u2013 edi\u00e7\u00e3o 2024. As publica\u00e7\u00f5es s\u00e3o instrumentos de luta e de demonstra\u00e7\u00e3o da import\u00e2ncia da Caixa e seus empregados para todo o pa\u00eds.<\/p>\n<p>A\u00a0<a href=\"https:\/\/www.fenae.org.br\/portal\/data\/files\/1E\/33\/6B\/17\/D238F81072B8C7F8403A91A8\/AgendaParlamentar-Fenae-Contraf-24-WEB.pdf\" target=\"_blank\" rel=\"noopener noreferrer\">Agenda Pol\u00edtico-Institucional 2024<\/a>\u00a0re\u00fane 118 projetos em tramita\u00e7\u00e3o no Congresso Nacional que impactam diretamente a categoria banc\u00e1ria, a Caixa e os servi\u00e7os oferecidos \u00e0 popula\u00e7\u00e3o em diversos setores, como habita\u00e7\u00e3o, saneamento, infraestrutura urbana, educa\u00e7\u00e3o, esporte e cultura. O objetivo \u00e9 analisar minuciosamente as propostas que influenciam tanto positivamente quanto negativamente os servi\u00e7os banc\u00e1rios e sociais.<\/p>\n<p>Por outro lado, o caderno Caixa no Brasil: descritivo por unidade federativa \u2013 edi\u00e7\u00e3o 2024, conhecido como\u00a0<a href=\"https:\/\/www.fenae.org.br\/portal\/data\/files\/4F\/B5\/46\/33\/5338F81072B8C7F8403A91A8\/Caderno-ESTADOS-2024-CAIXA-UFs-WEB.pdf\" target=\"_blank\" rel=\"noopener noreferrer\">Caderno dos Estados<\/a>, apresenta o desempenho da Caixa em 2023, fornecendo dados detalhados sobre os principais servi\u00e7os sociais e as pol\u00edticas p\u00fablicas operadas pelo banco p\u00fablico em cada estado do pa\u00eds.<\/p>\n<p>O presidente da Fenae, Sergio Takemoto, ressaltou a import\u00e2ncia desses lan\u00e7amentos, destacando o papel crucial dos empregados da Caixa na implementa\u00e7\u00e3o das pol\u00edticas p\u00fablicas realizadas pelo banco, especialmente nas regi\u00f5es mais distantes, onde a presen\u00e7a da Caixa \u00e9 vital para o acesso da popula\u00e7\u00e3o aos servi\u00e7os banc\u00e1rios e sociais. Em seu discurso, ele salientou a import\u00e2ncia das publica\u00e7\u00f5es, pois ela mostra todos os projetos em tramita\u00e7\u00e3o que dizem respeito n\u00e3o apenas \u00e0 Caixa, mas tamb\u00e9m \u00e0 sociedade. \u201cSe afeta a Caixa, afeta diretamente a prote\u00e7\u00e3o da popula\u00e7\u00e3o brasileira. Nosso compromisso se mant\u00e9m firme para que nenhum projeto prejudique o banco p\u00fablico e social, seus empregados e a popula\u00e7\u00e3o\u201d.<\/p>\n<p>Juvandia Moreira, presidenta da Contraf-CUT, agradeceu a parceria da Fenae neste lan\u00e7amento e por toda a luta pela classe trabalhadora. \u201cN\u00e3o d\u00e1 para pensar o Brasil sem a Caixa, t\u00e3o presente na vida dos brasileiros e da nossa Na\u00e7\u00e3o\u201d. Ela lembrou o trabalho imprescind\u00edvel dos empregados do banco durante o pagamento do aux\u00edlio emergencial, especialmente no per\u00edodo mais cr\u00edtico da pandemia.<\/p>\n<p>A cerim\u00f4nia de lan\u00e7amento contou com a presen\u00e7a dos parlamentares Erika Kokay (PT-DF) e Tadeu Veneri (PT-PR), que real\u00e7aram a relev\u00e2ncia do evento para o debate pol\u00edtico e institucional.<\/p>\n<p>Em seu discurso, o deputado Tadeu Veneri enfatizou que o Caderno dos Estados refor\u00e7a o papel fundamental da Caixa para o Brasil e sua sobreviv\u00eancia e perman\u00eancia 100% p\u00fablica ao longo de per\u00edodos dif\u00edceis da hist\u00f3ria do pa\u00eds. Para Erika Kokay os materiais lan\u00e7ados cumprem a fun\u00e7\u00e3o de mostrar a import\u00e2ncia do banco em locais que outros bancos n\u00e3o querem estar. Ela ressaltar que a agenda Pol\u00edtico-Institucional tem a \u201cgenerosidade de alcan\u00e7ar toda a classe trabalhadora\u201d, al\u00e9m dos empregados do banco.<\/p>\n<p>Jair Pedro Ferreira, diretor de Benef\u00edcios da Funcef, destacou que a Caixa representa n\u00e3o apenas um banco, por meio de financiamento ou empr\u00e9stimo, mas um sonho de vida e futuro para os brasileiros. Ele ressaltou ainda a import\u00e2ncia da Agenda Pol\u00edtico-Institucional para mostrar a defesa n\u00e3o s\u00f3 dos empregados da Caixa e da categoria banc\u00e1ria, mas de toda a classe trabalhadora.<\/p>\n<p>Fabiana Uehara, representante dos empregados no Conselho de Administra\u00e7\u00e3o da Caixa, refor\u00e7ou o compromisso de defender a Caixa e seus empregados. \u201cEnquanto houver desigualdade no pa\u00eds, as estatais ser\u00e3o necess\u00e1rias\u201d, destacou.<\/p>\n<p>Os participantes do evento concordaram que a Caixa \u00e9 mais do que uma institui\u00e7\u00e3o financeira; \u00e9 uma identidade do povo brasileiro. Erika Kokay prop\u00f4s uma audi\u00eancia p\u00fablica para apresentar esses materiais e discutir sua import\u00e2ncia, ressaltando que a Caixa continuar\u00e1 cumprindo sua fun\u00e7\u00e3o e sobrevivendo aos desafios futuros.<\/p>\n<p><strong>Fonte:<\/strong>\u00a0<a href=\"https:\/\/www.fenae.org.br\/portal\/fenae-portal\/fenae-e-contraf-cut-lancam-agenda-politico-institucional-e-caderno-dos-estados-2024.htm\" target=\"_blank\" rel=\"noopener noreferrer\">Fenae<\/a><\/p>\n<\/div>\n<div class=\"a3s aiL \">\u00a0<\/div>\n<div class=\"a3s aiL \">\u00a0<\/div>\n<\/div>\n<\/div>\n<\/div>\n<\/div>\n","protected":false},"excerpt":{"rendered":"<p>\u00a0 A Confedera\u00e7\u00e3o Nacional dos Trabalhadores do Ramo Financeiro (Contraf-CUT) e a Federa\u00e7\u00e3o Nacional das Associa\u00e7\u00f5es do Pessoal da Caixa (Fenae) lan\u00e7aram nesta ter\u00e7a-feira (28), no sal\u00e3o nobre da C\u00e2mara dos Deputados, a Agenda Pol\u00edtico-Institucional 2024 e Caderno Caixa no Brasil: descritivo por unidade federativa \u2013 edi\u00e7\u00e3o 2024. As publica\u00e7\u00f5es s\u00e3o instrumentos de luta e [&hellip;]<\/p>\n","protected":false},"author":2,"featured_media":15354,"comment_status":"","ping_status":"","sticky":false,"template":"","format":"standard","meta":{"footnotes":""},"categories":[3],"tags":[],"class_list":["post-15355","post","type-post","status-publish","format-standard","has-post-thumbnail","hentry","category-noticias"],"_links":{"self":[{"href":"https:\/\/hostnetart.com.br\/baixada\/wp-json\/wp\/v2\/posts\/15355","targetHints":{"allow":["GET"]}}],"collection":[{"href":"https:\/\/hostnetart.com.br\/baixada\/wp-json\/wp\/v2\/posts"}],"about":[{"href":"https:\/\/hostnetart.com.br\/baixada\/wp-json\/wp\/v2\/types\/post"}],"author":[{"embeddable":true,"href":"https:\/\/hostnetart.com.br\/baixada\/wp-json\/wp\/v2\/users\/2"}],"replies":[{"embeddable":true,"href":"https:\/\/hostnetart.com.br\/baixada\/wp-json\/wp\/v2\/comments?post=15355"}],"version-history":[{"count":0,"href":"https:\/\/hostnetart.com.br\/baixada\/wp-json\/wp\/v2\/posts\/15355\/revisions"}],"wp:featuredmedia":[{"embeddable":true,"href":"https:\/\/hostnetart.com.br\/baixada\/wp-json\/wp\/v2\/media\/15354"}],"wp:attachment":[{"href":"https:\/\/hostnetart.com.br\/baixada\/wp-json\/wp\/v2\/media?parent=15355"}],"wp:term":[{"taxonomy":"category","embeddable":true,"href":"https:\/\/hostnetart.com.br\/baixada\/wp-json\/wp\/v2\/categories?post=15355"},{"taxonomy":"post_tag","embeddable":true,"href":"https:\/\/hostnetart.com.br\/baixada\/wp-json\/wp\/v2\/tags?post=15355"}],"curies":[{"name":"wp","href":"https:\/\/api.w.org\/{rel}","templated":true}]}}