{"id":15349,"date":"2024-05-28T14:03:43","date_gmt":"2024-05-28T17:03:43","guid":{"rendered":"https:\/\/hostnetart.com.br\/baixada\/bancarios-tem-ate-domingo-para-definir-prioridades-da-campanha\/"},"modified":"2024-05-28T14:03:43","modified_gmt":"2024-05-28T17:03:43","slug":"bancarios-tem-ate-domingo-para-definir-prioridades-da-campanha","status":"publish","type":"post","link":"https:\/\/hostnetart.com.br\/baixada\/bancarios-tem-ate-domingo-para-definir-prioridades-da-campanha\/","title":{"rendered":"Banc\u00e1rios t\u00eam at\u00e9 domingo para definir prioridades da Campanha"},"content":{"rendered":"<\/p>\n<p>Banc\u00e1rias e banc\u00e1rios de todo o pa\u00eds t\u00eam at\u00e9 domingo (2\/6) para responder ao question\u00e1rio da Consulta Nacional \u00e0 categoria e, desta forma, ajudar a definir a pauta de reivindica\u00e7\u00f5es e a estrat\u00e9gia das negocia\u00e7\u00f5es da Campanha Nacional dos Banc\u00e1rios 2024. O question\u00e1rio da Consulta est\u00e1 dispon\u00edvel no link <a href=\"https:\/\/consultabancarios2024.votabem.com.br\/\" target=\"_blank\" rel=\"noopener noreferrer\">https:\/\/consultabancarios2024.votabem.com.br\/<\/a>desde o dia 17 de abril. N\u00e3o \u00e9 preciso ser filiado aos sindicatos para participar.<\/p>\n<p>Nesta \u00faltima semana, \u00e9 importante que os sindicatos de todo o pa\u00eds ampliem a divulga\u00e7\u00e3o do link da Consulta junto \u00e0 suas bases. \u201cQuanto maior o n\u00famero de respostas obtivermos, mais pr\u00f3ximo chegaremos do real desejo da categoria. Por isso, \u00e9 importante que os sindicatos se empenhem na divulga\u00e7\u00e3o e coleta de respostas\u201d, disse a presidenta da Confedera\u00e7\u00e3o Nacional dos Trabalhadores do Ramo Financeiro (Contraf-CUT) e coordenadora do Comando Nacional dos Banc\u00e1rios, Juvandia Moreira.<\/p>\n<h3><strong>Minuta de reivindica\u00e7\u00f5es<\/strong><\/h3>\n<p>As respostas da consulta ser\u00e3o compiladas e se somar\u00e3o \u00e0s resolu\u00e7\u00f5es das confer\u00eancias estaduais e regionais, al\u00e9m daquelas definidas nos encontros nacionais espec\u00edficos dos trabalhadores de bancos p\u00fablicos e de bancos privados, para serem debatidas na Confer\u00eancia Nacional dos Banc\u00e1rios, que ser\u00e1 realizada nos dias 7 a 9 de junho e ter\u00e1 como principal tarefa a defini\u00e7\u00e3o da pauta de reivindica\u00e7\u00f5es da categoria.<\/p>\n<p>Ap\u00f3s a aprova\u00e7\u00e3o, a minuta de reivindica\u00e7\u00f5es ser\u00e1 entregue \u00e0 Federa\u00e7\u00e3o Nacional dos Bancos (Fenaban) para dar in\u00edcio \u00e0s negocia\u00e7\u00f5es da Campanha Nacional. O objetivo \u00e9 renovar a Conven\u00e7\u00e3o Coletiva de Trabalho (CCT) da categoria e os Acordos Coletivos de Trabalho (ACTs) espec\u00edficos dos bancos, uma vez que as vig\u00eancias dos mesmos se encerram no dia 31 de agosto. A data-base da categoria \u00e9 1\u00ba de setembro.<\/p>\n<p><strong>Fonte: Contraf-CUT<\/strong><\/p>\n","protected":false},"excerpt":{"rendered":"<p>Banc\u00e1rias e banc\u00e1rios de todo o pa\u00eds t\u00eam at\u00e9 domingo (2\/6) para responder ao question\u00e1rio da Consulta Nacional \u00e0 categoria e, desta forma, ajudar a definir a pauta de reivindica\u00e7\u00f5es e a estrat\u00e9gia das negocia\u00e7\u00f5es da Campanha Nacional dos Banc\u00e1rios 2024. O question\u00e1rio da Consulta est\u00e1 dispon\u00edvel no link https:\/\/consultabancarios2024.votabem.com.br\/desde o dia 17 de abril. [&hellip;]<\/p>\n","protected":false},"author":2,"featured_media":15348,"comment_status":"","ping_status":"","sticky":false,"template":"","format":"standard","meta":{"footnotes":""},"categories":[3],"tags":[],"class_list":["post-15349","post","type-post","status-publish","format-standard","has-post-thumbnail","hentry","category-noticias"],"_links":{"self":[{"href":"https:\/\/hostnetart.com.br\/baixada\/wp-json\/wp\/v2\/posts\/15349","targetHints":{"allow":["GET"]}}],"collection":[{"href":"https:\/\/hostnetart.com.br\/baixada\/wp-json\/wp\/v2\/posts"}],"about":[{"href":"https:\/\/hostnetart.com.br\/baixada\/wp-json\/wp\/v2\/types\/post"}],"author":[{"embeddable":true,"href":"https:\/\/hostnetart.com.br\/baixada\/wp-json\/wp\/v2\/users\/2"}],"replies":[{"embeddable":true,"href":"https:\/\/hostnetart.com.br\/baixada\/wp-json\/wp\/v2\/comments?post=15349"}],"version-history":[{"count":0,"href":"https:\/\/hostnetart.com.br\/baixada\/wp-json\/wp\/v2\/posts\/15349\/revisions"}],"wp:featuredmedia":[{"embeddable":true,"href":"https:\/\/hostnetart.com.br\/baixada\/wp-json\/wp\/v2\/media\/15348"}],"wp:attachment":[{"href":"https:\/\/hostnetart.com.br\/baixada\/wp-json\/wp\/v2\/media?parent=15349"}],"wp:term":[{"taxonomy":"category","embeddable":true,"href":"https:\/\/hostnetart.com.br\/baixada\/wp-json\/wp\/v2\/categories?post=15349"},{"taxonomy":"post_tag","embeddable":true,"href":"https:\/\/hostnetart.com.br\/baixada\/wp-json\/wp\/v2\/tags?post=15349"}],"curies":[{"name":"wp","href":"https:\/\/api.w.org\/{rel}","templated":true}]}}