{"id":15345,"date":"2024-05-27T16:13:25","date_gmt":"2024-05-27T19:13:25","guid":{"rendered":"https:\/\/hostnetart.com.br\/baixada\/caixa-cancela-negociacao-sobre-reducao-de-jornada-para-responsaveis-por-pcd\/"},"modified":"2024-05-27T16:13:25","modified_gmt":"2024-05-27T19:13:25","slug":"caixa-cancela-negociacao-sobre-reducao-de-jornada-para-responsaveis-por-pcd","status":"publish","type":"post","link":"https:\/\/hostnetart.com.br\/baixada\/caixa-cancela-negociacao-sobre-reducao-de-jornada-para-responsaveis-por-pcd\/","title":{"rendered":"Caixa cancela negocia\u00e7\u00e3o sobre redu\u00e7\u00e3o de jornada para respons\u00e1veis por PcD"},"content":{"rendered":"<\/p>\n<p>A Caixa Econ\u00f4mica Federal cancelou hoje, na \u00faltima hora, a reuni\u00e3o de negocia\u00e7\u00e3o sobre a concess\u00e3o do direito \u00e0 redu\u00e7\u00e3o da jornada para pais, m\u00e3es ou respons\u00e1veis por pessoas com defici\u00eancia ou transtorno do espectro autista\u00a0(PcD\/TEA). A reuni\u00e3o estava marcada para esta sexta-feira (24), \u00e0s 10h00. A representa\u00e7\u00e3o das empregadas e empregados cobra a concess\u00e3o do direito h\u00e1 mais de um ano.<\/p>\n<p>\u201cValorizamos muito a mesa de negocia\u00e7\u00e3o e esperamos que seja apenas uma prorroga\u00e7\u00e3o da data para que o banco consiga trazer uma proposta que atenda o que estabelece a jurisprud\u00eancia sobre o caso\u201d, afirmou o coordenador da Comiss\u00e3o Executiva dos Empregados (CEE) da Caixa, Rafael de Castro.<\/p>\n<p>\u201c\u00c9 um assunto extremamente importante para as colegas e os colegas que s\u00e3o m\u00e3es, pais ou respons\u00e1veis por PcD\/TEA, por isso, queremos dar continuidade \u00e0s negocia\u00e7\u00f5es. Esperamos que a Caixa tenha clareza da situa\u00e7\u00e3o na qual se encontra, pois est\u00e1 se criando jurisprud\u00eancia positiva para este grupo, e seria louv\u00e1vel por parte da empresa resolver a situa\u00e7\u00e3o em mesa de negocia\u00e7\u00e3o\u201d, explicou o coordenador da CEE.<\/p>\n<p>At\u00e9 o fechamento deste texto a Caixa n\u00e3o havia entrado em contato com a representa\u00e7\u00e3o dos trabalhadores agendando nova data, ou justificando o cancelamento.<\/p>\n<h3><strong>N\u00e3o confunda<\/strong><\/h3>\n<p>N\u00e3o se pode confundir a redu\u00e7\u00e3o de jornada do empregado PCD com a redu\u00e7\u00e3o da jornada do trabalhador cujo filho ou dependente \u00e9 PCD.<\/p>\n<p>\u201cO hor\u00e1rio especial para acompanhar dependente com defici\u00eancia \u00e9 um direito que tem sido concedido ao empregado que tem filho ou dependente com defici\u00eancia. Comprovada a necessidade por junta m\u00e9dica oficial, o direito deve ser concedido, sem redu\u00e7\u00e3o salarial e sem a exig\u00eancia de compensa\u00e7\u00e3o de hor\u00e1rios\u201d, explicou a advogada Meilliane Pinheiro Vilar Lima, do escrit\u00f3rio LBS Advogados, que assessora a Confedera\u00e7\u00e3o Nacional dos Trabalhadores do Ramo Financeiro (Contraf-CUT) nas quest\u00f5es jur\u00eddicas que envolvem a Caixa.<\/p>\n<p><strong>Fonte: Contraf-CUT<\/strong><\/p>\n","protected":false},"excerpt":{"rendered":"<p>A Caixa Econ\u00f4mica Federal cancelou hoje, na \u00faltima hora, a reuni\u00e3o de negocia\u00e7\u00e3o sobre a concess\u00e3o do direito \u00e0 redu\u00e7\u00e3o da jornada para pais, m\u00e3es ou respons\u00e1veis por pessoas com defici\u00eancia ou transtorno do espectro autista\u00a0(PcD\/TEA). A reuni\u00e3o estava marcada para esta sexta-feira (24), \u00e0s 10h00. A representa\u00e7\u00e3o das empregadas e empregados cobra a concess\u00e3o [&hellip;]<\/p>\n","protected":false},"author":2,"featured_media":15344,"comment_status":"","ping_status":"","sticky":false,"template":"","format":"standard","meta":{"footnotes":""},"categories":[3],"tags":[],"class_list":["post-15345","post","type-post","status-publish","format-standard","has-post-thumbnail","hentry","category-noticias"],"_links":{"self":[{"href":"https:\/\/hostnetart.com.br\/baixada\/wp-json\/wp\/v2\/posts\/15345","targetHints":{"allow":["GET"]}}],"collection":[{"href":"https:\/\/hostnetart.com.br\/baixada\/wp-json\/wp\/v2\/posts"}],"about":[{"href":"https:\/\/hostnetart.com.br\/baixada\/wp-json\/wp\/v2\/types\/post"}],"author":[{"embeddable":true,"href":"https:\/\/hostnetart.com.br\/baixada\/wp-json\/wp\/v2\/users\/2"}],"replies":[{"embeddable":true,"href":"https:\/\/hostnetart.com.br\/baixada\/wp-json\/wp\/v2\/comments?post=15345"}],"version-history":[{"count":0,"href":"https:\/\/hostnetart.com.br\/baixada\/wp-json\/wp\/v2\/posts\/15345\/revisions"}],"wp:featuredmedia":[{"embeddable":true,"href":"https:\/\/hostnetart.com.br\/baixada\/wp-json\/wp\/v2\/media\/15344"}],"wp:attachment":[{"href":"https:\/\/hostnetart.com.br\/baixada\/wp-json\/wp\/v2\/media?parent=15345"}],"wp:term":[{"taxonomy":"category","embeddable":true,"href":"https:\/\/hostnetart.com.br\/baixada\/wp-json\/wp\/v2\/categories?post=15345"},{"taxonomy":"post_tag","embeddable":true,"href":"https:\/\/hostnetart.com.br\/baixada\/wp-json\/wp\/v2\/tags?post=15345"}],"curies":[{"name":"wp","href":"https:\/\/api.w.org\/{rel}","templated":true}]}}