{"id":15343,"date":"2024-05-27T16:12:22","date_gmt":"2024-05-27T19:12:22","guid":{"rendered":"https:\/\/hostnetart.com.br\/baixada\/mesmo-impactada-por-turbulencias-do-mercado-previ-se-mantem-em-equilibrio-no-1-tri\/"},"modified":"2024-05-27T16:12:22","modified_gmt":"2024-05-27T19:12:22","slug":"mesmo-impactada-por-turbulencias-do-mercado-previ-se-mantem-em-equilibrio-no-1-tri","status":"publish","type":"post","link":"https:\/\/hostnetart.com.br\/baixada\/mesmo-impactada-por-turbulencias-do-mercado-previ-se-mantem-em-equilibrio-no-1-tri\/","title":{"rendered":"Mesmo impactada por turbul\u00eancias do mercado, Previ se mant\u00e9m em equil\u00edbrio no 1\u00ba tri"},"content":{"rendered":"<\/p>\n<p>A Previ, fundo de pens\u00e3o dos funcion\u00e1rios do Banco do Brasil, <a href=\"https:\/\/www.previ.com.br\/portal-previ\/fique-por-dentro\/noticias\/confira-o-resultado-da-previ-no-1-tri.htm\" target=\"_blank\" rel=\"noopener noreferrer\">divulgou os resultados dos seus planos<\/a>, no primeiro trimestre do ano. O Plano 1, maior e mais maduro da entidade, encerrou o per\u00edodo com queda de 1,02%, levando a um negativo de R$ 8,37 bilh\u00f5es. O segundo principal plano da entidade, o Previ Futuro, teve queda de 0,03%.<\/p>\n<p>Em termos de recursos acumulados, o Plano 1 encerrou o primeiro trimestre do ano com super\u00e1vit acumulado de R$ 6,12 bilh\u00f5es e um total de investimentos de R$ 232,04 bilh\u00f5es. O Previ Futuro, por sua vez, terminou o per\u00edodo com patrim\u00f4nio de R$ 32,63 bilh\u00f5es.<\/p>\n<p>Os recuos das a\u00e7\u00f5es da Vale, seja por causa da redu\u00e7\u00e3o de 26% nos pre\u00e7os do min\u00e9rio de ferro, ou pelos notici\u00e1rios sobre suspens\u00e3o de licen\u00e7as, passivos ambientais e sucess\u00e3o do CEO, foram os principais respons\u00e1veis pelo resultado rebaixado no Plano 1.<\/p>\n<p>\u201cPor outro lado, o plano foi protegido por causa da nossa estrat\u00e9gia de imuniza\u00e7\u00e3o da carteira, com a concentra\u00e7\u00e3o da maior parte de ativos em renda fixa\u201d, explicou a diretora de Planejamento Paula Goto. \u201cEsse tipo de a\u00e7\u00e3o est\u00e1 dentro da pol\u00edtica de investimentos da Previ, pensada para mitigar, ao m\u00e1ximo, o risco de desequil\u00edbrio dos planos, e que busca a melhor rela\u00e7\u00e3o retorno\/risco na escolha de ativos\u201d, completou.<\/p>\n<p>O Previ Futuro, por sua vez, apresentou rentabilidade negativa de 0,03% em raz\u00e3o do desempenho menor das NTN-Bs (t\u00edtulos p\u00fablicos do Tesouro Direto mais conhecido como Tesouro IPCA+ com juros semestrais) e que representam 61% da carteira de ativos do plano. Ainda assim, no Previ Futuro, a entidade teve rentabilidade melhor em rela\u00e7\u00e3o aos planos de outros fundos semelhantes, nos per\u00edodos analisados de 12, 36 e 60 meses.<\/p>\n<p>Em nota, a Previ ressaltou ainda os impactos do Ibovespa sobre a carteira de renda vari\u00e1vel dos planos, ao lembrar que o \u00edndice de refer\u00eancia da Bolsa de Valores de S\u00e3o Paulo (B3) teve, entre janeiro e mar\u00e7o, o pior desempenho entre os pares globais, com queda de 4,53% no acumulado do per\u00edodo. A principal raz\u00e3o para este resultado do Ibovespa foi externa: a infla\u00e7\u00e3o persistente nos Estados Unidos e a decis\u00e3o, daquele pa\u00eds, de deixar para depois a redu\u00e7\u00e3o da taxa b\u00e1sica de juros.<\/p>\n<p>\u201cAs pol\u00edticas de investimentos s\u00e3o os instrumentos que nos permitem navegar numa dire\u00e7\u00e3o segura, mesmo no meio de um mar revolto\u201d, destacou Paula Goto. \u201cPor isso, mesmo diante de incertezas em momentos como esses, os resultados da Previ s\u00e3o melhores. Ainda que atingida por situa\u00e7\u00f5es conjunturais, ao olhar toda a trajet\u00f3ria dos planos, seguimos em equil\u00edbrio, porque nosso foco \u00e9 a sustentabilidade para que os planos se mantenham perenes\u201d, concluiu.<\/p>\n<h3>Patrim\u00f4nio dos trabalhadores<\/h3>\n<p>\u201c\u00c9 muito importante entender e acompanhar os resultados da Previ, porque estamos falando de patrim\u00f4nio nosso, acumulado durante a vida de trabalho e para garantir um futuro seguro para n\u00f3s e nossos familiares\u201d, avaliou a coordenadora da Comiss\u00e3o de Empresa dos Funcion\u00e1rios do Banco do Brasil (CEBB) e secret\u00e1ria da Mulher da Confedera\u00e7\u00e3o Nacional dos Trabalhadores do Ramo Financeiro (Contraf-CUT), Fernanda Lopes.<\/p>\n<p>Ela tamb\u00e9m ressaltou o papel da Previ para a economia do pa\u00eds, ao lembrar que a entidade, atualmente, paga por m\u00eas R$ 1,35 bilh\u00e3o em benef\u00edcios para mais de 100 mil fam\u00edlias, al\u00e9m de gerenciar R$ 272 bilh\u00f5es em recursos dos cerca de 200 mil associados e associadas. \u201cA Previ n\u00e3o colabora apenas para o pa\u00eds a partir do pagamento de benef\u00edcios que s\u00e3o injetados mensamente no mercado, mas tamb\u00e9m quando incentiva setores a partir de investimentos na economia real\u201d, completou.<\/p>\n<p><strong>Fonte: Contraf-CUT<\/strong><\/p>\n","protected":false},"excerpt":{"rendered":"<p>A Previ, fundo de pens\u00e3o dos funcion\u00e1rios do Banco do Brasil, divulgou os resultados dos seus planos, no primeiro trimestre do ano. O Plano 1, maior e mais maduro da entidade, encerrou o per\u00edodo com queda de 1,02%, levando a um negativo de R$ 8,37 bilh\u00f5es. O segundo principal plano da entidade, o Previ Futuro, [&hellip;]<\/p>\n","protected":false},"author":2,"featured_media":15342,"comment_status":"","ping_status":"","sticky":false,"template":"","format":"standard","meta":{"footnotes":""},"categories":[3],"tags":[],"class_list":["post-15343","post","type-post","status-publish","format-standard","has-post-thumbnail","hentry","category-noticias"],"_links":{"self":[{"href":"https:\/\/hostnetart.com.br\/baixada\/wp-json\/wp\/v2\/posts\/15343","targetHints":{"allow":["GET"]}}],"collection":[{"href":"https:\/\/hostnetart.com.br\/baixada\/wp-json\/wp\/v2\/posts"}],"about":[{"href":"https:\/\/hostnetart.com.br\/baixada\/wp-json\/wp\/v2\/types\/post"}],"author":[{"embeddable":true,"href":"https:\/\/hostnetart.com.br\/baixada\/wp-json\/wp\/v2\/users\/2"}],"replies":[{"embeddable":true,"href":"https:\/\/hostnetart.com.br\/baixada\/wp-json\/wp\/v2\/comments?post=15343"}],"version-history":[{"count":0,"href":"https:\/\/hostnetart.com.br\/baixada\/wp-json\/wp\/v2\/posts\/15343\/revisions"}],"wp:featuredmedia":[{"embeddable":true,"href":"https:\/\/hostnetart.com.br\/baixada\/wp-json\/wp\/v2\/media\/15342"}],"wp:attachment":[{"href":"https:\/\/hostnetart.com.br\/baixada\/wp-json\/wp\/v2\/media?parent=15343"}],"wp:term":[{"taxonomy":"category","embeddable":true,"href":"https:\/\/hostnetart.com.br\/baixada\/wp-json\/wp\/v2\/categories?post=15343"},{"taxonomy":"post_tag","embeddable":true,"href":"https:\/\/hostnetart.com.br\/baixada\/wp-json\/wp\/v2\/tags?post=15343"}],"curies":[{"name":"wp","href":"https:\/\/api.w.org\/{rel}","templated":true}]}}