{"id":15337,"date":"2024-05-23T14:04:03","date_gmt":"2024-05-23T17:04:03","guid":{"rendered":"https:\/\/hostnetart.com.br\/baixada\/congresso-pode-votar-pacote-de-destruicao-ambiental-apesar-da-tragedia-no-rs\/"},"modified":"2024-05-23T14:04:03","modified_gmt":"2024-05-23T17:04:03","slug":"congresso-pode-votar-pacote-de-destruicao-ambiental-apesar-da-tragedia-no-rs","status":"publish","type":"post","link":"https:\/\/hostnetart.com.br\/baixada\/congresso-pode-votar-pacote-de-destruicao-ambiental-apesar-da-tragedia-no-rs\/","title":{"rendered":"Congresso pode votar pacote de destrui\u00e7\u00e3o ambiental, apesar da trag\u00e9dia no RS"},"content":{"rendered":"<\/p>\n<p>A trag\u00e9dia do Rio Grande do Sul parece n\u00e3o sensibilizar parte dos parlamentares do Congresso Nacional, que insiste em apresentar propostas que, se aprovadas, agravar\u00e3o a crise ambiental no Brasil. Atualmente tramitam no Congresso 25 projetos e tr\u00eas Propostas de Emenda \u00e0 Constitui\u00e7\u00e3o (PECs) que afetam licenciamento ambiental, grilagem de terras, direitos ind\u00edgenas, financiamento da pol\u00edtica ambiental, flexibiliza\u00e7\u00e3o do C\u00f3digo Florestal, legisla\u00e7\u00f5es sobre recursos h\u00eddricos, minera\u00e7\u00e3o, oceano e zonas costeiras, entre outros, sendo que alguns t\u00eam alta probabilidade de avan\u00e7o imediato, de acordo com levantamento do Observat\u00f3rio do Clima, publicado em abril deste ano.<\/p>\n<p>Para o secret\u00e1rio de Meio Ambiente da CUT Nacional, Daniel Gaio, diante de um cen\u00e1rio de emerg\u00eancia clim\u00e1tica \u00e9 preciso toler\u00e2ncia zero com as propostas que colocam em risco o meio ambiente. \u201cAs chuvas que assolam o povo ga\u00facho s\u00e3o um fen\u00f4meno da natureza, mas a flexibiliza\u00e7\u00e3o da legisla\u00e7\u00e3o que protege o meio ambiente e a falta de investimentos em preven\u00e7\u00e3o de enchentes, a aus\u00eancia de planejamento urbano s\u00e3o a\u00e7\u00f5es humanas, de gestores que deveriam zelar pelo bem p\u00fablico e pela popula\u00e7\u00e3o\u201d, ressalta o dirigente.<\/p>\n<p>A secret\u00e1ria de Pol\u00edticas Sociais da Confedera\u00e7\u00e3o Nacional dos Trabalhadores do Ramo Financeiro (Contraf-CUT), Elaine Cutis, lembra que a quest\u00e3o ambiental tem sido negligenciada por muito tempo. \u201cPrecisou de trag\u00e9dias, como a do Rio Grande do Sul, para trazer o tema ao centro do debate. Ainda assim, \u00e9 preocupante ver o Congresso Nacional avan\u00e7ando em propostas que podem agravar ainda mais a crise ambiental. Os parlamentares precisam agir com responsabilidade e sensibilidade diante dessa emerg\u00eancia clim\u00e1tica, priorizando medidas que protejam o meio ambiente e garantam o bem-estar da popula\u00e7\u00e3o.\u201d<\/p>\n<p>De acordo com Elaine, \u201c\u00e9 preciso ampliar projetos de prote\u00e7\u00e3o \u00e0s quest\u00f5es ambientais e maior rigidez na fiscaliza\u00e7\u00e3o das leis ambientais existentes e n\u00e3o criar outras que flexibilizam ainda mais.\u201d<\/p>\n<h3>Centrais prop\u00f5em ao MTE medidas para enfrentar crise no RS<\/h3>\n<p>Com objetivo de mitigar a crise do Rio Grande do Sul, que acomete quase a popula\u00e7\u00e3o em geral, as centrais sindicais apresentaram ao Minist\u00e9rio do Trabalho e Emprego um conjunto de propostas para enfrentar as consequ\u00eancias da crise clim\u00e1tica e ambiental.<\/p>\n<p><a href=\"https:\/\/contrafcut.com.br\/wp-content\/uploads\/2024\/05\/20240513-enfrentamento-da-mudanca-climatica-e-crise-ambiental.pdf\">Clique aqui e leia o documento<\/a><\/p>\n<p><b>Fonte: Contraf-CUT<\/b><\/p>\n","protected":false},"excerpt":{"rendered":"<p>A trag\u00e9dia do Rio Grande do Sul parece n\u00e3o sensibilizar parte dos parlamentares do Congresso Nacional, que insiste em apresentar propostas que, se aprovadas, agravar\u00e3o a crise ambiental no Brasil. Atualmente tramitam no Congresso 25 projetos e tr\u00eas Propostas de Emenda \u00e0 Constitui\u00e7\u00e3o (PECs) que afetam licenciamento ambiental, grilagem de terras, direitos ind\u00edgenas, financiamento da [&hellip;]<\/p>\n","protected":false},"author":2,"featured_media":15336,"comment_status":"","ping_status":"","sticky":false,"template":"","format":"standard","meta":{"footnotes":""},"categories":[3],"tags":[],"class_list":["post-15337","post","type-post","status-publish","format-standard","has-post-thumbnail","hentry","category-noticias"],"_links":{"self":[{"href":"https:\/\/hostnetart.com.br\/baixada\/wp-json\/wp\/v2\/posts\/15337","targetHints":{"allow":["GET"]}}],"collection":[{"href":"https:\/\/hostnetart.com.br\/baixada\/wp-json\/wp\/v2\/posts"}],"about":[{"href":"https:\/\/hostnetart.com.br\/baixada\/wp-json\/wp\/v2\/types\/post"}],"author":[{"embeddable":true,"href":"https:\/\/hostnetart.com.br\/baixada\/wp-json\/wp\/v2\/users\/2"}],"replies":[{"embeddable":true,"href":"https:\/\/hostnetart.com.br\/baixada\/wp-json\/wp\/v2\/comments?post=15337"}],"version-history":[{"count":0,"href":"https:\/\/hostnetart.com.br\/baixada\/wp-json\/wp\/v2\/posts\/15337\/revisions"}],"wp:featuredmedia":[{"embeddable":true,"href":"https:\/\/hostnetart.com.br\/baixada\/wp-json\/wp\/v2\/media\/15336"}],"wp:attachment":[{"href":"https:\/\/hostnetart.com.br\/baixada\/wp-json\/wp\/v2\/media?parent=15337"}],"wp:term":[{"taxonomy":"category","embeddable":true,"href":"https:\/\/hostnetart.com.br\/baixada\/wp-json\/wp\/v2\/categories?post=15337"},{"taxonomy":"post_tag","embeddable":true,"href":"https:\/\/hostnetart.com.br\/baixada\/wp-json\/wp\/v2\/tags?post=15337"}],"curies":[{"name":"wp","href":"https:\/\/api.w.org\/{rel}","templated":true}]}}