{"id":15335,"date":"2024-05-23T14:02:48","date_gmt":"2024-05-23T17:02:48","guid":{"rendered":"https:\/\/hostnetart.com.br\/baixada\/sindicato-dos-bancarios-da-baixada-fluminense-parabeniza-a-fetraf-rj-es-pelos-66-anos\/"},"modified":"2024-05-23T14:02:48","modified_gmt":"2024-05-23T17:02:48","slug":"sindicato-dos-bancarios-da-baixada-fluminense-parabeniza-a-fetraf-rj-es-pelos-66-anos","status":"publish","type":"post","link":"https:\/\/hostnetart.com.br\/baixada\/sindicato-dos-bancarios-da-baixada-fluminense-parabeniza-a-fetraf-rj-es-pelos-66-anos\/","title":{"rendered":"Sindicato dos Banc\u00e1rios da Baixada Fluminense parabeniza a Fetraf RJ\/ES pelos 66 anos"},"content":{"rendered":"<p>O Sindicato dos Banc\u00e1rios da Baixada Fluminense parabeniza a Federa\u00e7\u00e3o dos Trabalhadores do Ramo Financeiro dos Estados do Rio de Janeiro e Esp\u00edrito Santo (Fetraf RJ\/ES), que completa 66 anos de lutas e conquistas pelos direitos da categoria banc\u00e1ria, nesta quinta-feira, 23 de maio.<\/p>\n<p>A entidade representa os Sindicatos dos Banc\u00e1rios de Angra dos Reis e Regi\u00e3o, Baixada Fluminense, Esp\u00edrito Santo, Itaperuna e Regi\u00e3o, Maca\u00e9 e Regi\u00e3o, Nova Friburgo e Regi\u00e3o e Tr\u00eas Rios e Regi\u00e3o.<\/p>\n<p>Fundada em 1958, dentro de um esfor\u00e7o coletivo de sindicalistas banc\u00e1rios de todo o pa\u00eds, para a constru\u00e7\u00e3o de uma entidade nacional, a Fetraf RJ\/ES tem uma extensa trajet\u00f3ria de lutas e conquistas, se firmando como uma refer\u00eancia nacional do movimento sindical banc\u00e1rio.<\/p>\n","protected":false},"excerpt":{"rendered":"<p>O Sindicato dos Banc\u00e1rios da Baixada Fluminense parabeniza a Federa\u00e7\u00e3o dos Trabalhadores do Ramo Financeiro dos Estados do Rio de Janeiro e Esp\u00edrito Santo (Fetraf RJ\/ES), que completa 66 anos de lutas e conquistas pelos direitos da categoria banc\u00e1ria, nesta quinta-feira, 23 de maio. A entidade representa os Sindicatos dos Banc\u00e1rios de Angra dos Reis [&hellip;]<\/p>\n","protected":false},"author":2,"featured_media":15334,"comment_status":"","ping_status":"","sticky":false,"template":"","format":"standard","meta":{"footnotes":""},"categories":[3],"tags":[],"class_list":["post-15335","post","type-post","status-publish","format-standard","has-post-thumbnail","hentry","category-noticias"],"_links":{"self":[{"href":"https:\/\/hostnetart.com.br\/baixada\/wp-json\/wp\/v2\/posts\/15335","targetHints":{"allow":["GET"]}}],"collection":[{"href":"https:\/\/hostnetart.com.br\/baixada\/wp-json\/wp\/v2\/posts"}],"about":[{"href":"https:\/\/hostnetart.com.br\/baixada\/wp-json\/wp\/v2\/types\/post"}],"author":[{"embeddable":true,"href":"https:\/\/hostnetart.com.br\/baixada\/wp-json\/wp\/v2\/users\/2"}],"replies":[{"embeddable":true,"href":"https:\/\/hostnetart.com.br\/baixada\/wp-json\/wp\/v2\/comments?post=15335"}],"version-history":[{"count":0,"href":"https:\/\/hostnetart.com.br\/baixada\/wp-json\/wp\/v2\/posts\/15335\/revisions"}],"wp:featuredmedia":[{"embeddable":true,"href":"https:\/\/hostnetart.com.br\/baixada\/wp-json\/wp\/v2\/media\/15334"}],"wp:attachment":[{"href":"https:\/\/hostnetart.com.br\/baixada\/wp-json\/wp\/v2\/media?parent=15335"}],"wp:term":[{"taxonomy":"category","embeddable":true,"href":"https:\/\/hostnetart.com.br\/baixada\/wp-json\/wp\/v2\/categories?post=15335"},{"taxonomy":"post_tag","embeddable":true,"href":"https:\/\/hostnetart.com.br\/baixada\/wp-json\/wp\/v2\/tags?post=15335"}],"curies":[{"name":"wp","href":"https:\/\/api.w.org\/{rel}","templated":true}]}}