{"id":15333,"date":"2024-05-22T14:22:10","date_gmt":"2024-05-22T17:22:10","guid":{"rendered":"https:\/\/hostnetart.com.br\/baixada\/sindicato-dos-bancarios-da-baixada-fluminense-participa-de-doacao-para-vitimas-das-enchentes-no-rs\/"},"modified":"2024-05-22T14:22:10","modified_gmt":"2024-05-22T17:22:10","slug":"sindicato-dos-bancarios-da-baixada-fluminense-participa-de-doacao-para-vitimas-das-enchentes-no-rs","status":"publish","type":"post","link":"https:\/\/hostnetart.com.br\/baixada\/sindicato-dos-bancarios-da-baixada-fluminense-participa-de-doacao-para-vitimas-das-enchentes-no-rs\/","title":{"rendered":"Sindicato dos Banc\u00e1rios da Baixada Fluminense participa de doa\u00e7\u00e3o para v\u00edtimas das enchentes no RS"},"content":{"rendered":"<p>Atrav\u00e9s da Federa\u00e7\u00e3o dos Trabalhadores do Ramo Financeiro dos Estados do Rio de Janeiro e Esp\u00edrito Santo (Fetraf RJ\/ES), o <strong>Sindicato dos Banc\u00e1rios da Baixada Fluminense<\/strong> &#8211; juntamente com os Sindicatos dos Banc\u00e1rios de Angra dos Reis e Regi\u00e3o, Esp\u00edrito Santo, Itaperuna e Regi\u00e3o, Maca\u00e9 e Regi\u00e3o, Nova Friburgo e Regi\u00e3o e Tr\u00eas Rios e Regi\u00e3o &#8211; realizou uma <strong>doa\u00e7\u00e3o de R$ 14.000 (quatorze mil reais) para o Sindicato dos Banc\u00e1rios de Porto Alegre e Regi\u00e3o<\/strong> (SindBanc\u00e1rios\/POA), que est\u00e1 mobilizado em ajudar todas as pessoas afetadas pelas fortes chuvas no Rio Grande do Sul.<\/p>\n<p>A doa\u00e7\u00e3o ocorreu durante a 26\u00aa Confer\u00eancia Interestadual dos Trabalhadores e Trabalhadoras do Ramo Financeiro dos Estados do Rio de Janeiro e Esp\u00edrito Santo, realizada no \u00faltimo s\u00e1bado (18\/5), em Guarapari (ES).<\/p>\n<p>Entre as principais a\u00e7\u00f5es, est\u00e3o a distribui\u00e7\u00e3o de \u00e1gua, rem\u00e9dios, alimentos, roupas, itens de higiene, material de limpeza, colch\u00f5es, cobertores e o funcionamento da cozinha solid\u00e1ria. Al\u00e9m, claro, de todo o suporte aos banc\u00e1rios e banc\u00e1rias que tiverem suas vidas afetadas com a trag\u00e9dia.<\/p>\n<p><strong>SAIBA COMO AJUDAR<\/strong><\/p>\n<p>As doa\u00e7\u00f5es devem ser feitas diretamente para o <span style=\"text-decoration: underline;\"><em><strong>SindBanc\u00e1rios de Porto Alegre e Regi\u00e3o<\/strong><\/em><\/span>.<\/p>\n<p><span style=\"text-decoration: underline;\"><em><strong>Para doar, utilize a Chave Pix 51920044245.<\/strong><\/em><\/span><\/p>\n","protected":false},"excerpt":{"rendered":"<p>Atrav\u00e9s da Federa\u00e7\u00e3o dos Trabalhadores do Ramo Financeiro dos Estados do Rio de Janeiro e Esp\u00edrito Santo (Fetraf RJ\/ES), o Sindicato dos Banc\u00e1rios da Baixada Fluminense &#8211; juntamente com os Sindicatos dos Banc\u00e1rios de Angra dos Reis e Regi\u00e3o, Esp\u00edrito Santo, Itaperuna e Regi\u00e3o, Maca\u00e9 e Regi\u00e3o, Nova Friburgo e Regi\u00e3o e Tr\u00eas Rios e [&hellip;]<\/p>\n","protected":false},"author":2,"featured_media":15332,"comment_status":"","ping_status":"","sticky":false,"template":"","format":"standard","meta":{"footnotes":""},"categories":[3],"tags":[],"class_list":["post-15333","post","type-post","status-publish","format-standard","has-post-thumbnail","hentry","category-noticias"],"_links":{"self":[{"href":"https:\/\/hostnetart.com.br\/baixada\/wp-json\/wp\/v2\/posts\/15333","targetHints":{"allow":["GET"]}}],"collection":[{"href":"https:\/\/hostnetart.com.br\/baixada\/wp-json\/wp\/v2\/posts"}],"about":[{"href":"https:\/\/hostnetart.com.br\/baixada\/wp-json\/wp\/v2\/types\/post"}],"author":[{"embeddable":true,"href":"https:\/\/hostnetart.com.br\/baixada\/wp-json\/wp\/v2\/users\/2"}],"replies":[{"embeddable":true,"href":"https:\/\/hostnetart.com.br\/baixada\/wp-json\/wp\/v2\/comments?post=15333"}],"version-history":[{"count":0,"href":"https:\/\/hostnetart.com.br\/baixada\/wp-json\/wp\/v2\/posts\/15333\/revisions"}],"wp:featuredmedia":[{"embeddable":true,"href":"https:\/\/hostnetart.com.br\/baixada\/wp-json\/wp\/v2\/media\/15332"}],"wp:attachment":[{"href":"https:\/\/hostnetart.com.br\/baixada\/wp-json\/wp\/v2\/media?parent=15333"}],"wp:term":[{"taxonomy":"category","embeddable":true,"href":"https:\/\/hostnetart.com.br\/baixada\/wp-json\/wp\/v2\/categories?post=15333"},{"taxonomy":"post_tag","embeddable":true,"href":"https:\/\/hostnetart.com.br\/baixada\/wp-json\/wp\/v2\/tags?post=15333"}],"curies":[{"name":"wp","href":"https:\/\/api.w.org\/{rel}","templated":true}]}}