{"id":15331,"date":"2024-05-22T03:16:32","date_gmt":"2024-05-22T06:16:32","guid":{"rendered":"https:\/\/hostnetart.com.br\/baixada\/1-festival-de-musica-contraf-cut-conheca-os-cinco-finalistas-e-vote\/"},"modified":"2024-05-22T03:16:32","modified_gmt":"2024-05-22T06:16:32","slug":"1-festival-de-musica-contraf-cut-conheca-os-cinco-finalistas-e-vote","status":"publish","type":"post","link":"https:\/\/hostnetart.com.br\/baixada\/1-festival-de-musica-contraf-cut-conheca-os-cinco-finalistas-e-vote\/","title":{"rendered":"1\u00ba Festival de M\u00fasica Contraf-CUT: conhe\u00e7a os cinco finalistas e vote!"},"content":{"rendered":"<\/p>\n<p>Come\u00e7a nesta ter\u00e7a-feira (21) o per\u00edodo de vota\u00e7\u00e3o popular dos cinco finalistas do 1\u00ba Festival de M\u00fasica Contraf-CUT. Para conhecer os trabalhos e escolher o melhor acesse o link <a href=\"https:\/\/festival-musica-contraf.votabem.com.br\/\" target=\"_blank\" rel=\"noopener noreferrer\">https:\/\/festival-musica-contraf.votabem.com.br\/<\/a>. Mas aten\u00e7\u00e3o! A vota\u00e7\u00e3o come\u00e7a a <strong>partir das 20h<\/strong> de hoje e vai at\u00e9 o meio-dia de 28 de maio. Cada pessoa poder\u00e1 uma \u00fanica vez.<\/p>\n<p>Na fase anterior do concurso, entre 13 e 19 de maio, o j\u00fari t\u00e9cnico selecionou os finalistas que v\u00e3o concorrer aos pr\u00eamios de R$ 5 mil, R$ 3 mil, R$ 1 mil, no caso do primeiro, segundo e terceiro colocados, respectivamente, e R$ 500 para o quarto e quinto colocados.<\/p>\n<p>\u201cN\u00e3o foi f\u00e1cil, para o j\u00fari t\u00e9cnico, escolher os cinco finalistas dos 41 inscritos, porque recebemos trabalhos muito bons. Alguns, infelizmente, ficaram de fora apenas porque desrespeitaram regras do regulamento. Mas podemos dizer que foi muito importante a participa\u00e7\u00e3o de todos e todas\u201d, destaca o secret\u00e1rio de Cultura da Confedera\u00e7\u00e3o Nacional dos Trabalhadores do Ramo Financeiro (Contraf-CUT), Carlos Damarindo.<\/p>\n<p>O resultado final ser\u00e1 anunciado durante live no dia 29, \u00e0s 19h, veiculada no canal do YouTube da Contraf-CUT e com a participa\u00e7\u00e3o dos finalistas. A organiza\u00e7\u00e3o do festival conta com a participa\u00e7\u00e3o do produtor musical Rog\u00e9rio Boechat, que tamb\u00e9m far\u00e1 a apresenta\u00e7\u00e3o da live dos premiados.<\/p>\n<p>\u201cAl\u00e9m do Rog\u00e9rio, agradecemos a todos os sindicatos e federa\u00e7\u00f5es na divulga\u00e7\u00e3o do festival, criado para valoriza\u00e7\u00e3o e o incentivo da cultura no meio dos trabalhadores do ramo financeiro\u201d, pontua Damarindo.<\/p>\n<p>Veja a seguir a lista das m\u00fasicas que agora concorrem na vota\u00e7\u00e3o popular:<\/p>\n<h3><strong>Abra-te \u2013 Mano D\u00e1blio<\/strong>, do Sindicato dos Banc\u00e1rios de Bras\u00edlia<\/h3>\n<h3><strong>Entre as Sombras e a Luz \u2013 Piva<\/strong>, do Sindicato dos Banc\u00e1rios de Bras\u00edlia<\/h3>\n<h3><strong>Era Saudade \u2013 Vanessa Pinheiro<\/strong>, do Sindicato dos Banc\u00e1rios de Bras\u00edlia<\/h3>\n<h3><strong>As Flores que Eu Reguei \u2013 Bai\u00e3o de 3<\/strong>, do Sindicato dos Banc\u00e1rios de Campina Grande e Regi\u00e3o<\/h3>\n<h3><strong>Jurema \u2013 Sylvio Rosa<\/strong>, do Sindicato dos Banc\u00e1rios de BH e Regi\u00e3o\u00a0<\/h3>\n<h3>Conhe\u00e7a o j\u00fari t\u00e9cnico:<\/h3>\n<p><strong>Raquel de Souza Nascimento<\/strong>, que tem forma\u00e7\u00e3o no Conservat\u00f3rio Musical N. Sra. de F\u00e1tima, S\u00e3o Paulo, com habilita\u00e7\u00e3o em piano e flauta. Atualmente, Raquel est\u00e1 finalizando licenciatura em m\u00fasica.<\/p>\n<p><strong>Jackson Evaristo Guedes de Lima<\/strong>, que \u00e9 bacharel em reg\u00eancia e composi\u00e7\u00e3o pela Unesp. Atualmente \u00e9 coordenador e professor do N\u00facleo de Consci\u00eancia Negra da USP.<\/p>\n<p><strong>Jesum Biasin<\/strong>, com 37 anos de carreira como pesquisador, int\u00e9rprete, ator e professor de percuss\u00e3o popular, baseado em v\u00e1rios estilos, desde m\u00fasica popular brasileira, at\u00e9 latina, afro-brasileira, jazz, rock, funk e reggae.<\/p>\n<p><b>Fonte: Contraf-CUT<\/b><\/p>\n","protected":false},"excerpt":{"rendered":"<p>Come\u00e7a nesta ter\u00e7a-feira (21) o per\u00edodo de vota\u00e7\u00e3o popular dos cinco finalistas do 1\u00ba Festival de M\u00fasica Contraf-CUT. Para conhecer os trabalhos e escolher o melhor acesse o link https:\/\/festival-musica-contraf.votabem.com.br\/. Mas aten\u00e7\u00e3o! A vota\u00e7\u00e3o come\u00e7a a partir das 20h de hoje e vai at\u00e9 o meio-dia de 28 de maio. Cada pessoa poder\u00e1 uma \u00fanica [&hellip;]<\/p>\n","protected":false},"author":2,"featured_media":15330,"comment_status":"","ping_status":"","sticky":false,"template":"","format":"standard","meta":{"footnotes":""},"categories":[3],"tags":[],"class_list":["post-15331","post","type-post","status-publish","format-standard","has-post-thumbnail","hentry","category-noticias"],"_links":{"self":[{"href":"https:\/\/hostnetart.com.br\/baixada\/wp-json\/wp\/v2\/posts\/15331","targetHints":{"allow":["GET"]}}],"collection":[{"href":"https:\/\/hostnetart.com.br\/baixada\/wp-json\/wp\/v2\/posts"}],"about":[{"href":"https:\/\/hostnetart.com.br\/baixada\/wp-json\/wp\/v2\/types\/post"}],"author":[{"embeddable":true,"href":"https:\/\/hostnetart.com.br\/baixada\/wp-json\/wp\/v2\/users\/2"}],"replies":[{"embeddable":true,"href":"https:\/\/hostnetart.com.br\/baixada\/wp-json\/wp\/v2\/comments?post=15331"}],"version-history":[{"count":0,"href":"https:\/\/hostnetart.com.br\/baixada\/wp-json\/wp\/v2\/posts\/15331\/revisions"}],"wp:featuredmedia":[{"embeddable":true,"href":"https:\/\/hostnetart.com.br\/baixada\/wp-json\/wp\/v2\/media\/15330"}],"wp:attachment":[{"href":"https:\/\/hostnetart.com.br\/baixada\/wp-json\/wp\/v2\/media?parent=15331"}],"wp:term":[{"taxonomy":"category","embeddable":true,"href":"https:\/\/hostnetart.com.br\/baixada\/wp-json\/wp\/v2\/categories?post=15331"},{"taxonomy":"post_tag","embeddable":true,"href":"https:\/\/hostnetart.com.br\/baixada\/wp-json\/wp\/v2\/tags?post=15331"}],"curies":[{"name":"wp","href":"https:\/\/api.w.org\/{rel}","templated":true}]}}