{"id":15323,"date":"2024-05-21T14:02:44","date_gmt":"2024-05-21T17:02:44","guid":{"rendered":"https:\/\/hostnetart.com.br\/baixada\/bancarios-de-cinco-estados-definem-prioridades-para-campanha-nacional\/"},"modified":"2024-05-21T14:02:44","modified_gmt":"2024-05-21T17:02:44","slug":"bancarios-de-cinco-estados-definem-prioridades-para-campanha-nacional","status":"publish","type":"post","link":"https:\/\/hostnetart.com.br\/baixada\/bancarios-de-cinco-estados-definem-prioridades-para-campanha-nacional\/","title":{"rendered":"Banc\u00e1rios de cinco estados definem prioridades para Campanha Nacional"},"content":{"rendered":"<\/p>\n<p>A Federa\u00e7\u00e3o dos Trabalhadores do Ramo Financeiro do Estado do Rio de Janeiro (Federa-RJ), a Federa\u00e7\u00e3o dos Trabalhadores do Ramo Financeiro de Minas Gerais (Fetrafi-MG), a Federa\u00e7\u00e3o dos Trabalhadores do Ramo Financeiro do Rio de Janeiro e Esp\u00edrito Santo (Fetraf-RJ\/ES) e a Federa\u00e7\u00e3o dos Empregados em Estabelecimentos Banc\u00e1rios da Bahia e Sergipe (Feeb-BA\/SE) realizaram, de sexta-feira (17) a domingo (19), suas confer\u00eancias estaduais e interestaduais para definir as prioridades de suas bases a serem debatidas nos encontros nacionais espec\u00edficos dos trabalhadores de cada banco, que acontecer\u00e1 de 4 a 6 de junho, e na 26\u00aa Confer\u00eancia Nacional dos Banc\u00e1rios, que acontecer\u00e1 nos dias 7 a 9 de junho, ambas em S\u00e3o Paulo.<\/p>\n<h3><strong>Bahia e Sergipe<\/strong><\/h3>\n<div class=\"wp-block-image\">\n<figure class=\"alignright is-resized\"><img fetchpriority=\"high\" decoding=\"async\" src=\"https:\/\/feebbase.com.br\/site\/images\/2024\/26_conferencia_geral_0099f.jpg\" alt=\"26 conferencia geral 0099f\" width=\"492\" height=\"328\" data-cfsrc=\"https:\/\/feebbase.com.br\/site\/images\/2024\/26_conferencia_geral_0099f.jpg\" \/><\/figure>\n<\/div>\n<p>Ap\u00f3s dois dias de debates (18 e 19\/5), as delegadas e delegados da 26\u00aa Confer\u00eancia dos Banc\u00e1rios da Bahia e Sergipe aprovaram, no domingo (19\/5), as propostas de reivindica\u00e7\u00f5es da categoria nestes estados para a campanha salarial 2024 a serem debatidas em \u00e2mbito nacional. A plen\u00e1ria elegeu tamb\u00e9m os 31 delegados e delegadas que representar\u00e3o a Bahia e Sergipe na Confer\u00eancia Nacional.<\/p>\n<p>\u201cFizemos um debate importante sobre a conjuntura nacional e internacional e, entre outras quest\u00f5es que t\u00eam rela\u00e7\u00e3o direta com os banc\u00e1rios, falamos sobre o adoecimento, as press\u00f5es por metas a inseguran\u00e7a da categoria com a rela\u00e7\u00e3o do desemprego\u201d, disse o presidente da Federa\u00e7\u00e3o dos Banc\u00e1rios da Bahia e Sergipe, Hermelino Neto.<\/p>\n<p><strong>Leia mais:<\/strong> <a href=\"https:\/\/feebbase.com.br\/site\/destaques\/26%C2%AA-conferencia-bahia-e-sergipe-define-prioridades-da-campanha-2024\" target=\"_blank\" rel=\"noopener noreferrer\">26\u00aa Confer\u00eancia Bahia e Sergipe define prioridades da campanha 2024<\/a><\/p>\n<h3><strong>Minas Gerais<\/strong><\/h3>\n<div class=\"wp-block-image\">\n<figure class=\"aligncenter size-large\"><img decoding=\"async\" class=\"wp-image-310163\" src=\"https:\/\/contrafcut.com.br\/wp-content\/uploads\/2024\/05\/whatsapp-image-2024-05-20-at-185404.jpeg\" sizes=\"(max-width: 1280px) 100vw, 1280px\" srcset=\"https:\/\/contrafcut.com.br\/wp-content\/uploads\/2024\/05\/whatsapp-image-2024-05-20-at-185404.jpeg 1280w, https:\/\/contrafcut.com.br\/wp-content\/uploads\/2024\/05\/whatsapp-image-2024-05-20-at-185404-410x119.jpeg 410w, https:\/\/contrafcut.com.br\/wp-content\/uploads\/2024\/05\/whatsapp-image-2024-05-20-at-185404-768x224.jpeg 768w\" alt=\"\" width=\"1280\" height=\"373\" data-cfsrc=\"https:\/\/contrafcut.com.br\/wp-content\/uploads\/2024\/05\/whatsapp-image-2024-05-20-at-185404.jpeg\" \/><\/figure>\n<\/div>\n<p>Ap\u00f3s os debates promovidos na sexta-feira (17) e s\u00e1bado (18), as delegadas e delegados da 26\u00aa Confer\u00eancia Estadual dos Banc\u00e1rios de Minas Gerais elencou as propostas do estado a serem debatidas em \u00e2mbito nacional. Os debates, que contaram com a participa\u00e7\u00e3o da presidenta da Confedera\u00e7\u00e3o Nacional dos Trabalhadores do Ramo Financeiro (Contraf-CUT) e coordenadora do Comando Nacional dos Banc\u00e1rios, Juvandia Moreira, perpassaram por temas como aumento real, menos metas e o combate aos abusos e precariza\u00e7\u00f5es possibilitadas pelo ambiente digital.<\/p>\n<p><strong>Leia mais:<\/strong> <a href=\"https:\/\/fetrafimg.org.br\/beta\/bancaris-mineirs-articulam-propostas-para-a-conferencia-nacional\/\" target=\"_blank\" rel=\"noopener noreferrer\">Banc\u00e1rios mineiros articulam propostas<\/a><\/p>\n<h3><strong>Rio e Esp\u00edrito Santo<\/strong><\/h3>\n<div class=\"wp-block-image\">\n<figure class=\"alignleft\"><img decoding=\"async\" src=\"https:\/\/www.bancariosrio.org.br\/media\/k2\/items\/cache\/8eb26c25fba6dafca6109525352be910_L.jpg?t=1716070798\" alt=\"Banc\u00e1rios e banc\u00e1rias do Estado do Rio de Janeiro aprovaram a minuta de reivindica\u00e7\u00f5es que ser\u00e3o debatidas na Confer\u00eancia Nacional, de 7 a 9 de junho, em S\u00e3o Paulo\" data-cfsrc=\"https:\/\/www.bancariosrio.org.br\/media\/k2\/items\/cache\/8eb26c25fba6dafca6109525352be910_L.jpg?t=1716070798\" \/><\/figure>\n<\/div>\n<p>Tamb\u00e9m na sexta-feira (17) e s\u00e1bado (18), ocorreram as confer\u00eancias da Federa-RJ e Fetraf-RJ\/ES.<\/p>\n<p>Nas bases do estado do Rio de Janeiro filiadas \u00e0 Federa-RJ, as banc\u00e1rias e banc\u00e1rios, al\u00e9m da pauta de reivindica\u00e7\u00f5es e sugest\u00f5es de estrat\u00e9gias para a campanha salarial que ser\u00e3o levadas \u00e0 Confer\u00eancia Nacional, foram aprovadas mo\u00e7\u00f5es de solidariedade ao povo ga\u00facho e para a import\u00e2ncia de mais responsabilidade com a quest\u00e3o ambiental; de rep\u00fadio a posi\u00e7\u00e3o do ministro da Marinha, almirante Marcos Sampaio Olsen, que criticou o projeto que inclui o marinheiro Jo\u00e3o C\u00e2ndido, l\u00edder da revolta da chibata, contra castigos e explora\u00e7\u00e3o do trabalho na for\u00e7a militar; e em rep\u00fadio ao banco Santander, que entrou com a\u00e7\u00e3o judicial contra um dirigente sindical banc\u00e1rio de Campos, no Norte Fluminense, por sua luta e trabalho em defesa da categoria.<\/p>\n<p>\u201cEstamos construindo mais uma campanha nacional da categoria e, com unidade, queremos debater com a sociedade quest\u00f5es sobre a organiza\u00e7\u00e3o dos trabalhadores, no nosso caso, do ramo financeiro\u201d, afirmou a presidenta da Federa-RJ, Adriana Nalesso.<strong><\/p>\n<p>Leia mais:<\/strong> <a href=\"https:\/\/www.bancariosrio.org.br\/index.php\/noticias\/item\/12460-comecou-a-campanha-nacional-dos-bancarios\" target=\"_blank\" rel=\"noopener noreferrer\">Come\u00e7ou a Campanha Nacional dos Banc\u00e1rios<\/a><\/p>\n<div class=\"wp-block-image\">\n<figure class=\"alignright\"><img decoding=\"async\" src=\"https:\/\/fetrafrjes.org.br\/wp-content\/uploads\/2024\/05\/d2eb1557-39a2-465a-8c29-fd545185dd37.jpeg\" alt=\"\" data-cfsrc=\"https:\/\/fetrafrjes.org.br\/wp-content\/uploads\/2024\/05\/d2eb1557-39a2-465a-8c29-fd545185dd37.jpeg\" \/><\/figure>\n<\/div>\n<p>No s\u00e1bado (18), as banc\u00e1rias e banc\u00e1rios das bases filiadas \u00e0 Fetraf-RJ\/ES (Angra dos Reis e Regi\u00e3o; Baixada Fluminense; Esp\u00edrito Santo; Itaperuna e Regi\u00e3o, Maca\u00e9 e Regi\u00e3o, Nova Friburgo e Regi\u00e3o; e Tr\u00eas Rios e Regi\u00e3o) definiram as pautas, prioridades e propostas que ser\u00e3o levadas para a Confer\u00eancia Nacional dos Banc\u00e1rios.<\/p>\n<p>\u201c\u00c9 importante levarmos para a Confer\u00eancia Nacional reivindica\u00e7\u00f5es que possam trazer solu\u00e7\u00e3o para o fechamento de ag\u00eancias e as demiss\u00f5es, que t\u00eam provocado apreens\u00e3o e o adoecimento da categoria, que est\u00e1 sobrecarregada pela falta de funcion\u00e1rios e pressionada a cumprir metas\u201d, declarou Nilton Dami\u00e3o.<\/p>\n<p><strong>Leia mais:<\/strong> <a href=\"https:\/\/fetrafrjes.org.br\/aumento-real-e-saude-do-trabalhador-sao-pautas-prioritarias-da-26a-conferencia-interestadual-da-fetraf-rj-es\/\" target=\"_blank\" rel=\"noopener noreferrer\">Aumento real e sa\u00fade do trabalhador s\u00e3o pautas priorit\u00e1rias<\/a><\/p>\n<h3><strong>Rio Grande do Sul<\/strong><\/h3>\n<p>No s\u00e1bado (18) tamb\u00e9m ocorreria a confer\u00eancia da Fetrafi-RS, que foi suspensa devido a calamidade que atingiu o estado.<\/p>\n<p><strong>Leia mais:<\/strong> <a href=\"https:\/\/bancariosrs.com.br\/noticia\/3291\/fetrafi-rs-suspende-encontros-por-bancos-e-conferencia-estadual\" target=\"_blank\" rel=\"noopener noreferrer\">Fetrafi-RS suspende encontros por bancos e confer\u00eancia estadual<\/a><\/p>\n<p><b>Fonte: Contraf-CUT<\/b><\/p>\n","protected":false},"excerpt":{"rendered":"<p>A Federa\u00e7\u00e3o dos Trabalhadores do Ramo Financeiro do Estado do Rio de Janeiro (Federa-RJ), a Federa\u00e7\u00e3o dos Trabalhadores do Ramo Financeiro de Minas Gerais (Fetrafi-MG), a Federa\u00e7\u00e3o dos Trabalhadores do Ramo Financeiro do Rio de Janeiro e Esp\u00edrito Santo (Fetraf-RJ\/ES) e a Federa\u00e7\u00e3o dos Empregados em Estabelecimentos Banc\u00e1rios da Bahia e Sergipe (Feeb-BA\/SE) realizaram, de [&hellip;]<\/p>\n","protected":false},"author":2,"featured_media":15322,"comment_status":"","ping_status":"","sticky":false,"template":"","format":"standard","meta":{"footnotes":""},"categories":[3],"tags":[],"class_list":["post-15323","post","type-post","status-publish","format-standard","has-post-thumbnail","hentry","category-noticias"],"_links":{"self":[{"href":"https:\/\/hostnetart.com.br\/baixada\/wp-json\/wp\/v2\/posts\/15323","targetHints":{"allow":["GET"]}}],"collection":[{"href":"https:\/\/hostnetart.com.br\/baixada\/wp-json\/wp\/v2\/posts"}],"about":[{"href":"https:\/\/hostnetart.com.br\/baixada\/wp-json\/wp\/v2\/types\/post"}],"author":[{"embeddable":true,"href":"https:\/\/hostnetart.com.br\/baixada\/wp-json\/wp\/v2\/users\/2"}],"replies":[{"embeddable":true,"href":"https:\/\/hostnetart.com.br\/baixada\/wp-json\/wp\/v2\/comments?post=15323"}],"version-history":[{"count":0,"href":"https:\/\/hostnetart.com.br\/baixada\/wp-json\/wp\/v2\/posts\/15323\/revisions"}],"wp:featuredmedia":[{"embeddable":true,"href":"https:\/\/hostnetart.com.br\/baixada\/wp-json\/wp\/v2\/media\/15322"}],"wp:attachment":[{"href":"https:\/\/hostnetart.com.br\/baixada\/wp-json\/wp\/v2\/media?parent=15323"}],"wp:term":[{"taxonomy":"category","embeddable":true,"href":"https:\/\/hostnetart.com.br\/baixada\/wp-json\/wp\/v2\/categories?post=15323"},{"taxonomy":"post_tag","embeddable":true,"href":"https:\/\/hostnetart.com.br\/baixada\/wp-json\/wp\/v2\/tags?post=15323"}],"curies":[{"name":"wp","href":"https:\/\/api.w.org\/{rel}","templated":true}]}}