{"id":15319,"date":"2024-05-20T16:03:16","date_gmt":"2024-05-20T19:03:16","guid":{"rendered":"https:\/\/hostnetart.com.br\/baixada\/live-vai-debater-proposta-da-caixa-e-funcef-sobre-equacionamento\/"},"modified":"2024-05-20T16:03:16","modified_gmt":"2024-05-20T19:03:16","slug":"live-vai-debater-proposta-da-caixa-e-funcef-sobre-equacionamento","status":"publish","type":"post","link":"https:\/\/hostnetart.com.br\/baixada\/live-vai-debater-proposta-da-caixa-e-funcef-sobre-equacionamento\/","title":{"rendered":"Live vai debater proposta da Caixa e Funcef sobre equacionamento"},"content":{"rendered":"<\/p>\n<p>Na segunda-feira, 20 de maio, \u00e0s 16h, a Federa\u00e7\u00e3o Nacional das Associa\u00e7\u00f5es do Pessoal da Caixa Econ\u00f4mica Federal (Fenae) realizar\u00e1 uma live para discutir as medidas propostas pela Caixa Econ\u00f4mica Federal e pela Funda\u00e7\u00e3o dos Economi\u00e1rios Federais (Funcef) visando a redu\u00e7\u00e3o do equacionamento. O evento ser\u00e1 transmitido pelo <a href=\"https:\/\/www.youtube.com\/watch?v=nGaGmqf5_kI\" target=\"_blank\" rel=\"noopener noreferrer\">YouTube<\/a> da Fenae.<\/p>\n<p><strong>Fa\u00e7a sua pergunta!<\/strong><\/p>\n<p>Os participantes dos planos e demais interessados poder\u00e3o debater e esclarecer suas d\u00favidas sobre a proposta, bem como sua consequ\u00eancia para o benef\u00edcio futuro dos participantes. Quem quiser fazer perguntas devem enviar as quest\u00f5es para o e-mail <a href=\"mailto:fenae@fenae.org.br\" target=\"_blank\" rel=\"noopener noreferrer\">fenae@fenae.org.br<\/a>.<\/p>\n<p><strong>Sobre a proposta da Caixa e Funcef<\/strong><\/p>\n<p>A <a href=\"https:\/\/contrafcut.com.br\/noticias\/caixa-e-funcef-propoem-retirada-de-direitos-para-reduzir-equacionamento\/\" target=\"_blank\" rel=\"noopener noreferrer\">proposta apresentada pela Caixa e pela Funcef<\/a> prev\u00ea a retirada de direitos dos participantes e o aumento do prazo de pagamento das contribui\u00e7\u00f5es extraordin\u00e1rias. A proposta n\u00e3o cita o contencioso ou a altera\u00e7\u00e3o da taxa de juros da meta atuarial, que poderiam reduzir o equacionamento sem prejudicar os participantes.<\/p>\n<p>Entre as medidas propostas, destaca-se a unifica\u00e7\u00e3o dos tr\u00eas equacionamentos vigentes em um \u00fanico, com o alongamento do prazo em mais 6 anos, passando de 12 para 18 anos, representando um aumento significativo em rela\u00e7\u00e3o ao prazo atual. Al\u00e9m disso, a proposta inclui a retirada de direitos dos participantes, denominada pela Funcef como \u201cadequa\u00e7\u00e3o no regulamento dos benef\u00edcios futuros\u201d.<\/p>\n<p>Os direitos que se pretende retirar s\u00e3o a redu\u00e7\u00e3o da pens\u00e3o para 50% + 10% por dependente, limitado a 80%, redu\u00e7\u00e3o da idade limite para recebimento da pens\u00e3o para os filhos para os 21 anos, fim do Aux\u00edlio Pec\u00falio, atendimento \u00e0 Lei 3.135\/2015 (tabela de temporalidade), e altera\u00e7\u00e3o do in\u00edcio de acumula\u00e7\u00e3o do benef\u00edcio saldado no Fundo de Acumula\u00e7\u00e3o de Benef\u00edcio (FAB).<\/p>\n<p><strong>Fonte: Contraf-CUT<\/strong><\/p>\n","protected":false},"excerpt":{"rendered":"<p>Na segunda-feira, 20 de maio, \u00e0s 16h, a Federa\u00e7\u00e3o Nacional das Associa\u00e7\u00f5es do Pessoal da Caixa Econ\u00f4mica Federal (Fenae) realizar\u00e1 uma live para discutir as medidas propostas pela Caixa Econ\u00f4mica Federal e pela Funda\u00e7\u00e3o dos Economi\u00e1rios Federais (Funcef) visando a redu\u00e7\u00e3o do equacionamento. O evento ser\u00e1 transmitido pelo YouTube da Fenae. Fa\u00e7a sua pergunta! Os [&hellip;]<\/p>\n","protected":false},"author":2,"featured_media":15318,"comment_status":"","ping_status":"","sticky":false,"template":"","format":"standard","meta":{"footnotes":""},"categories":[3],"tags":[],"class_list":["post-15319","post","type-post","status-publish","format-standard","has-post-thumbnail","hentry","category-noticias"],"_links":{"self":[{"href":"https:\/\/hostnetart.com.br\/baixada\/wp-json\/wp\/v2\/posts\/15319","targetHints":{"allow":["GET"]}}],"collection":[{"href":"https:\/\/hostnetart.com.br\/baixada\/wp-json\/wp\/v2\/posts"}],"about":[{"href":"https:\/\/hostnetart.com.br\/baixada\/wp-json\/wp\/v2\/types\/post"}],"author":[{"embeddable":true,"href":"https:\/\/hostnetart.com.br\/baixada\/wp-json\/wp\/v2\/users\/2"}],"replies":[{"embeddable":true,"href":"https:\/\/hostnetart.com.br\/baixada\/wp-json\/wp\/v2\/comments?post=15319"}],"version-history":[{"count":0,"href":"https:\/\/hostnetart.com.br\/baixada\/wp-json\/wp\/v2\/posts\/15319\/revisions"}],"wp:featuredmedia":[{"embeddable":true,"href":"https:\/\/hostnetart.com.br\/baixada\/wp-json\/wp\/v2\/media\/15318"}],"wp:attachment":[{"href":"https:\/\/hostnetart.com.br\/baixada\/wp-json\/wp\/v2\/media?parent=15319"}],"wp:term":[{"taxonomy":"category","embeddable":true,"href":"https:\/\/hostnetart.com.br\/baixada\/wp-json\/wp\/v2\/categories?post=15319"},{"taxonomy":"post_tag","embeddable":true,"href":"https:\/\/hostnetart.com.br\/baixada\/wp-json\/wp\/v2\/tags?post=15319"}],"curies":[{"name":"wp","href":"https:\/\/api.w.org\/{rel}","templated":true}]}}