{"id":15315,"date":"2024-05-17T18:11:22","date_gmt":"2024-05-17T21:11:22","guid":{"rendered":"https:\/\/hostnetart.com.br\/baixada\/caixa-proposta-para-empregados-e-dependentes-pcds-e-insuficiente\/"},"modified":"2024-05-17T18:11:22","modified_gmt":"2024-05-17T21:11:22","slug":"caixa-proposta-para-empregados-e-dependentes-pcds-e-insuficiente","status":"publish","type":"post","link":"https:\/\/hostnetart.com.br\/baixada\/caixa-proposta-para-empregados-e-dependentes-pcds-e-insuficiente\/","title":{"rendered":"Caixa: proposta para empregados e dependentes PcDs \u00e9 insuficiente"},"content":{"rendered":"<\/p>\n<p>Em negocia\u00e7\u00e3o ocorrida na tarde de quinta-feira (16), a Caixa Econ\u00f4mica Federal apresentou uma nova proposta sobre a reivindica\u00e7\u00e3o dos trabalhadores para redu\u00e7\u00e3o da jornada de trabalho das empregadas e empregados com defici\u00eancia, ou que sejam pais, ou cuidadores, de pessoas com defici\u00eancia (PcDs). Novamente, a Comiss\u00e3o Executiva dos Empregados (CEE) da Caixa a considerou insuficiente. Em abril o banco j\u00e1 havia apresentado uma <a href=\"https:\/\/contrafcut.com.br\/noticias\/negociacao-conquista-avanco-na-promocao-por-merito\/\" target=\"_blank\" rel=\"noopener noreferrer\">proposta frustrante<\/a> para esta mesma reivindica\u00e7\u00e3o.<\/p>\n<p>\u201cEssa \u00e9 uma demanda muito importante para um grupo de trabalhadores, que n\u00f3s estamos debatendo h\u00e1 algum tempo. O banco trouxe proposta que engloba todos os empregados e n\u00e3o o segmento espec\u00edfico. Al\u00e9m disso, t\u00eam aspectos que precisam ser esclarecidos e n\u00f3s solicitamos mais detalhes ao banco e reafirmamos a necessidade de que o retorno a demandas como essa sejam mais \u00e1geis e tragam solu\u00e7\u00f5es efetivas\u201d, refor\u00e7ou Rafael de Castro, coordenador da CEE\/Caixa e diretor da Fenae.<\/p>\n<h3><strong>Morosidade \u00e9 geral<\/strong><\/h3>\n<p>A reclama\u00e7\u00e3o sobre morosidade das respostas do banco foi pauta para diversos pleitos. Os membros da CEE pontuaram v\u00e1rias reivindida\u00e7\u00f5es que foram apresentados em outras reuni\u00f5es ou por meio de of\u00edcio e que n\u00e3o obtiveram resposta da Caixa.<\/p>\n<p>\u201cPrecisamos ter um calend\u00e1rio de negocia\u00e7\u00f5es para dar andamento \u00e0s demandas que apresentamos e n\u00e3o nos foram dadas respostas, como os temas relacionados \u00e0 Funcef (Funda\u00e7\u00e3o dos Economi\u00e1rios Federais), volta das designa\u00e7\u00f5es das fun\u00e7\u00f5es de caixa e tesoureiros, reestrutura\u00e7\u00e3o, dentre outros\u201d, destacou a diretora executiva da Confedera\u00e7\u00e3o Nacional dos Trabalhadores do Ramo Financeiro (Contraf-CUT), Eliana Brasil.<\/p>\n<p>Para o representante da Fetrafi\/SC, Edson Heemann, \u00e9 preciso valorizar a import\u00e2ncia da CEE na interlocu\u00e7\u00e3o dos empregados com a empresa. \u201cEstamos aqui para buscar solucionar problemas relativos \u00e0s condi\u00e7\u00f5es de trabalho. As entidades s\u00e3o diariamente acionadas pelos colegas para tratar das demandas que n\u00e3o vem sendo solucionadas\u201d.<\/p>\n<p>A morosidade do banco tamb\u00e9m foi criticada pelo representante da Feeb-SP\/MS, Tesifon Quevedo Neto. \u201cNossa expectativa \u00e9 que na pr\u00f3xima reuni\u00e3o o banco nos traga propostas para as diversas demandas j\u00e1 apresentadas e ainda pendentes\u201d, refor\u00e7ou.<\/p>\n<h3><strong>Rio Grande do Sul<\/strong><\/h3>\n<p>A CEE tamb\u00e9m cobrou mais agilidade nas solicita\u00e7\u00f5es dos trabalhadores afetados pelas chuvas no Rio Grande do Sul. A representante do estado na comiss\u00e3o relatou que empregados est\u00e3o tendo dificuldades em quest\u00f5es como hotelaria (para quem ficou desabrigado) e o adiantamento emergencial em casos de calamidade.<\/p>\n<p>\u201cRecebemos relatos de que alguns colegas n\u00e3o est\u00e3o conseguindo o adiantamento por conta da margem consign\u00e1vel ou tendo negado pedidos para estender a hotelaria\u201d, relatou Sabrina Muniz.<\/p>\n<p>Os representantes da Caixa anunciaram, na reuni\u00e3o, que nesta sexta (17) ser\u00e1 publicada norma dispensando a margem consign\u00e1vel.<\/p>\n<p>Os membros da CEE tamb\u00e9m refor\u00e7aram o pedido para que problemas mais urgentes possam ser solucionados pelo banco, sem esperar que sejam levados para o comit\u00ea de crise nacional, formado pela Contraf-CUT e pela Federa\u00e7\u00e3o Nacional dos Bancos (Fenaban).<\/p>\n<h3><strong>Gipes<\/strong><\/h3>\n<p>Dentre os pontos pendentes na negocia\u00e7\u00e3o com a Caixa est\u00e1 a recria\u00e7\u00e3o das Ger\u00eancias de Gest\u00e3o de Pessoas (Gipes). Segundo o banco, j\u00e1 foi iniciado o processo de implanta\u00e7\u00e3o de oito Gipes e 20 Representa\u00e7\u00f5es nos Estados (Repes) e que esse trabalho deve ser conclu\u00eddo at\u00e9 30 de junho, para elas entrem em opera\u00e7\u00e3o na sequ\u00eancia, a partir de julho deste ano.<\/p>\n<p>\u201cAs Gipes s\u00e3o essenciais para agilizar as solu\u00e7\u00f5es para os problemas locais enfrentados pelos trabalhadores. Enquanto elas e as Repes n\u00e3o s\u00e3o recriadas, precisamos buscar solu\u00e7\u00f5es mais \u00e1geis para as demandas das empregadas e empregados\u201d, refor\u00e7ou Rafael de Castro.<\/p>\n<p>A CEE\/Caixa cobrou um calend\u00e1rio de negocia\u00e7\u00f5es com os bancos para tratar de todos as reivindica\u00e7\u00f5es pendentes. A Caixa se comprometeu atender a demanda da comiss\u00e3o e uma nova negocia\u00e7\u00e3o j\u00e1 deve ocorrer na pr\u00f3xima semana.<\/p>\n<p><strong>Fonte:<\/strong> <a href=\"https:\/\/www.fenae.org.br\/portal\/fenae-portal\/caixa-apresenta-proposta-insuficiente-sobre-reducao-da-jornada-de-empregados-com-dependentes-pcds.htm\" target=\"_blank\" rel=\"noopener noreferrer\">Fenae<\/a>, com edi\u00e7\u00f5es da Contraf-CUT<\/p>\n","protected":false},"excerpt":{"rendered":"<p>Em negocia\u00e7\u00e3o ocorrida na tarde de quinta-feira (16), a Caixa Econ\u00f4mica Federal apresentou uma nova proposta sobre a reivindica\u00e7\u00e3o dos trabalhadores para redu\u00e7\u00e3o da jornada de trabalho das empregadas e empregados com defici\u00eancia, ou que sejam pais, ou cuidadores, de pessoas com defici\u00eancia (PcDs). Novamente, a Comiss\u00e3o Executiva dos Empregados (CEE) da Caixa a considerou [&hellip;]<\/p>\n","protected":false},"author":2,"featured_media":15314,"comment_status":"","ping_status":"","sticky":false,"template":"","format":"standard","meta":{"footnotes":""},"categories":[3],"tags":[],"class_list":["post-15315","post","type-post","status-publish","format-standard","has-post-thumbnail","hentry","category-noticias"],"_links":{"self":[{"href":"https:\/\/hostnetart.com.br\/baixada\/wp-json\/wp\/v2\/posts\/15315","targetHints":{"allow":["GET"]}}],"collection":[{"href":"https:\/\/hostnetart.com.br\/baixada\/wp-json\/wp\/v2\/posts"}],"about":[{"href":"https:\/\/hostnetart.com.br\/baixada\/wp-json\/wp\/v2\/types\/post"}],"author":[{"embeddable":true,"href":"https:\/\/hostnetart.com.br\/baixada\/wp-json\/wp\/v2\/users\/2"}],"replies":[{"embeddable":true,"href":"https:\/\/hostnetart.com.br\/baixada\/wp-json\/wp\/v2\/comments?post=15315"}],"version-history":[{"count":0,"href":"https:\/\/hostnetart.com.br\/baixada\/wp-json\/wp\/v2\/posts\/15315\/revisions"}],"wp:featuredmedia":[{"embeddable":true,"href":"https:\/\/hostnetart.com.br\/baixada\/wp-json\/wp\/v2\/media\/15314"}],"wp:attachment":[{"href":"https:\/\/hostnetart.com.br\/baixada\/wp-json\/wp\/v2\/media?parent=15315"}],"wp:term":[{"taxonomy":"category","embeddable":true,"href":"https:\/\/hostnetart.com.br\/baixada\/wp-json\/wp\/v2\/categories?post=15315"},{"taxonomy":"post_tag","embeddable":true,"href":"https:\/\/hostnetart.com.br\/baixada\/wp-json\/wp\/v2\/tags?post=15315"}],"curies":[{"name":"wp","href":"https:\/\/api.w.org\/{rel}","templated":true}]}}