{"id":15311,"date":"2024-05-16T16:27:18","date_gmt":"2024-05-16T19:27:18","guid":{"rendered":"https:\/\/hostnetart.com.br\/baixada\/bancos-adotam-medidas-em-meio-a-tragedia-no-rs\/"},"modified":"2024-05-16T16:27:18","modified_gmt":"2024-05-16T19:27:18","slug":"bancos-adotam-medidas-em-meio-a-tragedia-no-rs","status":"publish","type":"post","link":"https:\/\/hostnetart.com.br\/baixada\/bancos-adotam-medidas-em-meio-a-tragedia-no-rs\/","title":{"rendered":"Bancos adotam medidas em meio \u00e0 trag\u00e9dia no RS"},"content":{"rendered":"<p>Com o estado de calamidade vivido no estado do Rio Grande do Sul, bancos como o Bradesco, Santander, Ita\u00fa, Caixa Econ\u00f4mica Federal e Banco do Brasil, anunciaram medidas para amenizar os impactos sobre seus funcion\u00e1rios e funcion\u00e1rias.<\/p>\n<p>As empregadas e empregados da\u00a0<strong>Caixa Econ\u00f4mica Federal<\/strong>\u00a0que tenham sido v\u00edtimas das\u00a0<a href=\"https:\/\/agenciabrasil.ebc.com.br\/geral\/noticia\/2024-05\/chuvas-afetam-781-mil-pessoas-no-rs-mortes-sobem-para-75\" target=\"_blank\" rel=\"noopener noreferrer\" data-saferedirecturl=\"https:\/\/www.google.com\/url?q=https:\/\/agenciabrasil.ebc.com.br\/geral\/noticia\/2024-05\/chuvas-afetam-781-mil-pessoas-no-rs-mortes-sobem-para-75&amp;source=gmail&amp;ust=1715963750021000&amp;usg=AOvVaw06jgkMH1QMqEPPFKVO-LXx\">inunda\u00e7\u00f5es no Rio Grande Sul<\/a>\u00a0t\u00eam direito garantido, previsto no Acordo Coletivo de Trabalho (ACT), a um adiantamento emergencial de at\u00e9 10 sal\u00e1rios padr\u00e3o de refer\u00eancia de seu cargo efetivo, desde que o munic\u00edpio em que residem tenha decretado estado de calamidade p\u00fablica. Os valores podem ser devolvidos em at\u00e9 60 parcelas iguais e sem juros, com valor limitado a 30% do sal\u00e1rio.<\/p>\n<p>O\u00a0<strong>Ita\u00fa<\/strong>\u00a0anunciou medidas para mitigar os impactos sobre seus funcion\u00e1rios. Uma delas \u00e9 a antecipa\u00e7\u00e3o da Gratifica\u00e7\u00e3o Semestral, al\u00e9m do pagamento adiantado da primeira e segunda parcelas do d\u00e9cimo terceiro sal\u00e1rio. Adicionalmente, o banco tamb\u00e9m efetuou o pagamento dos estagi\u00e1rios. Outras alternativas est\u00e3o sendo estudadas e, assim que finalizadas, ser\u00e3o divulgadas.<\/p>\n<p>O\u00a0<strong>Santander<\/strong>\u00a0anunciou tr\u00eas medidas para mitigar os impactos sobre seus mais de 1200 funcion\u00e1rios localizados nas regi\u00f5es impactadas: a antecipa\u00e7\u00e3o do d\u00e9cimo terceiro sal\u00e1rio, abono do ponto eletr\u00f4nico para as aus\u00eancias no m\u00eas de maio e o refor\u00e7o no suporte do PAPE, que acolhe n\u00e3o somente os funcion\u00e1rios, como as fam\u00edlias, num atendimento 24 horas por dia.<\/p>\n<p>As medidas anunciadas pelo\u00a0<strong>Banco do Brasil<\/strong>\u00a0para os trabalhadores foram:<\/p>\n<p>1. Refor\u00e7o no atendimento das redes de gest\u00e3o de pessoas (Gepes), com prioridade aos funcion\u00e1rios do Rio Grande do Sul;<br \/>2. Libera\u00e7\u00e3o do Programa de Assist\u00eancia Social (PAS), um mecanismo de cr\u00e9dito do banco, voltado aos funcion\u00e1rios;<br \/>3. Flexibiliza\u00e7\u00e3o de antecipa\u00e7\u00e3o de f\u00e9rias para os trabalhadores do Rio Grande do Sul, em caso de solicita\u00e7\u00e3o pelo pr\u00f3prio funcion\u00e1rio;<br \/>4. Abono 478, mecanismo interno para justificar as faltas em situa\u00e7\u00f5es espec\u00edficas, nesse caso por causa da situa\u00e7\u00e3o de calamidade p\u00fablica. Essa proposta tamb\u00e9m inclui a possibilidade do home office;<br \/>5. Flexibiliza\u00e7\u00e3o do trabalho remoto;<br \/>6. Adi\u00e7\u00e3o de funcion\u00e1rios de outras localidades do pa\u00eds como refor\u00e7o nas depend\u00eancias do RS;<br \/>7. Substitui\u00e7\u00e3o de todas as fun\u00e7\u00f5es gerenciais, em depend\u00eancias do RS, para compor um comit\u00ea, com objetivo de estruturar e atender melhor as demandas;<br \/>8. Adiantamento salarial, considerando a margem consign\u00e1vel de cada funcion\u00e1rio.<\/p>\n<p>No <strong>Bradesco<\/strong>, as medidas visam proporcionar suporte psicol\u00f3gico, financeiro e log\u00edstico aos trabalhadores afetados pela situa\u00e7\u00e3o de emerg\u00eancia no estado. Conhe\u00e7a-as:<\/p>\n<ul>\n<li>Apoio psicol\u00f3gico: Funcion\u00e1rios, dependentes e familiares ter\u00e3o acesso a suporte psicol\u00f3gico gratuito 24 horas, por meio do canal\u00a0<a href=\"tel:0800 701 1212\">0800 701 1212<\/a>\u00a0ou pelo e-mail\u00a0<span id=\"cloak6d651f7c09907e3b577daedc90cc0ae3\"><a href=\"mailto:vivabem@bradesco.com.br\">vivabem@bradesco.com.br<\/a><\/span>;<\/li>\n<li>Monitoramento ativo: Assistentes sociais monitorar\u00e3o ativamente os funcion\u00e1rios diretamente impactados pela calamidade;<\/li>\n<li>Antecipa\u00e7\u00e3o do 13\u00ba sal\u00e1rio: A primeira parcela do 13\u00ba sal\u00e1rio ser\u00e1 antecipada para o dia 17 de maio;<\/li>\n<li>Vale alimenta\u00e7\u00e3o emergencial: Um vale alimenta\u00e7\u00e3o no valor de R$ 835,99 ser\u00e1 concedido em 31 de maio;<\/li>\n<li>Flexibiliza\u00e7\u00e3o de f\u00e9rias: Os funcion\u00e1rios poder\u00e3o antecipar ou prorrogar suas f\u00e9rias conforme suas necessidades;<\/li>\n<li>Abono de faltas e flexibiliza\u00e7\u00e3o da jornada: As faltas ser\u00e3o abonadas e haver\u00e1 flexibiliza\u00e7\u00e3o na jornada de trabalho, com a possibilidade de manuten\u00e7\u00e3o do trabalho remoto, se necess\u00e1rio;<\/li>\n<li>Altera\u00e7\u00e3o do VR para VA: Haver\u00e1 suporte na solicita\u00e7\u00e3o de altera\u00e7\u00e3o do direito de Vale Refei\u00e7\u00e3o (VR) para Vale Alimenta\u00e7\u00e3o (VA), sem per\u00edodo de car\u00eancia, devido \u00e0 dificuldade sist\u00eamica de acesso causada pela falta de internet;<\/li>\n<li>Telemedicina: Atendimento m\u00e9dico ser\u00e1 disponibilizado via telemedicina pelo App Bradesco Sa\u00fade;<\/li>\n<li>Empr\u00e9stimo social (VivaBem): Empr\u00e9stimo em condi\u00e7\u00f5es diferenciadas de at\u00e9 dois sal\u00e1rios, com cr\u00e9dito em at\u00e9 dois dias \u00fateis ap\u00f3s a solicita\u00e7\u00e3o, devolu\u00e7\u00e3o em 48 meses, sem juros, e car\u00eancia de seis meses para in\u00edcio do pagamento.<\/li>\n<li>\u201cEssas medidas foram planejadas para mitigar os impactos da calamidade na vida dos funcion\u00e1rios do Bradesco no Rio Grande do Sul, oferecendo o suporte necess\u00e1rio em um momento cr\u00edtico. Conforme a situa\u00e7\u00e3o evolui, novas medidas emergenciais poder\u00e3o ser adotadas para continuar atendendo \u00e0s necessidades dos trabalhadores\u201d, afirmou Magaly Fagundes, coordenadora da Comiss\u00e3o de Organiza\u00e7\u00e3o dos Empregados do Bradesco.<\/li>\n<\/ul>\n<p>As delibera\u00e7\u00f5es tamb\u00e9m s\u00e3o resultado de reuni\u00f5es do comit\u00ea de crise, composto por representantes sindicais banc\u00e1rios da Confedera\u00e7\u00e3o Nacional dos Trabalhadores do Ramo Financeiro (<strong>Contraf-CUT<\/strong>), da Federa\u00e7\u00e3o dos Trabalhadores do Ramo Financeiro do Rio Grande do Sul (<b>Fetrafi-RS<\/b>)\u00a0e do Sindicato dos Banc\u00e1rios de Porto Alegre e Regi\u00e3o (<b>SindBanc\u00e1rios\/POA<\/b>), juntamente com membros da Federa\u00e7\u00e3o Nacional dos Bancos (<strong>Fenaban<\/strong>).\u00a0 \u00a0\u00a0<\/p>\n","protected":false},"excerpt":{"rendered":"<p>Com o estado de calamidade vivido no estado do Rio Grande do Sul, bancos como o Bradesco, Santander, Ita\u00fa, Caixa Econ\u00f4mica Federal e Banco do Brasil, anunciaram medidas para amenizar os impactos sobre seus funcion\u00e1rios e funcion\u00e1rias. As empregadas e empregados da\u00a0Caixa Econ\u00f4mica Federal\u00a0que tenham sido v\u00edtimas das\u00a0inunda\u00e7\u00f5es no Rio Grande Sul\u00a0t\u00eam direito garantido, previsto [&hellip;]<\/p>\n","protected":false},"author":2,"featured_media":15310,"comment_status":"","ping_status":"","sticky":false,"template":"","format":"standard","meta":{"footnotes":""},"categories":[3],"tags":[],"class_list":["post-15311","post","type-post","status-publish","format-standard","has-post-thumbnail","hentry","category-noticias"],"_links":{"self":[{"href":"https:\/\/hostnetart.com.br\/baixada\/wp-json\/wp\/v2\/posts\/15311","targetHints":{"allow":["GET"]}}],"collection":[{"href":"https:\/\/hostnetart.com.br\/baixada\/wp-json\/wp\/v2\/posts"}],"about":[{"href":"https:\/\/hostnetart.com.br\/baixada\/wp-json\/wp\/v2\/types\/post"}],"author":[{"embeddable":true,"href":"https:\/\/hostnetart.com.br\/baixada\/wp-json\/wp\/v2\/users\/2"}],"replies":[{"embeddable":true,"href":"https:\/\/hostnetart.com.br\/baixada\/wp-json\/wp\/v2\/comments?post=15311"}],"version-history":[{"count":0,"href":"https:\/\/hostnetart.com.br\/baixada\/wp-json\/wp\/v2\/posts\/15311\/revisions"}],"wp:featuredmedia":[{"embeddable":true,"href":"https:\/\/hostnetart.com.br\/baixada\/wp-json\/wp\/v2\/media\/15310"}],"wp:attachment":[{"href":"https:\/\/hostnetart.com.br\/baixada\/wp-json\/wp\/v2\/media?parent=15311"}],"wp:term":[{"taxonomy":"category","embeddable":true,"href":"https:\/\/hostnetart.com.br\/baixada\/wp-json\/wp\/v2\/categories?post=15311"},{"taxonomy":"post_tag","embeddable":true,"href":"https:\/\/hostnetart.com.br\/baixada\/wp-json\/wp\/v2\/tags?post=15311"}],"curies":[{"name":"wp","href":"https:\/\/api.w.org\/{rel}","templated":true}]}}