{"id":1531,"date":"2013-10-02T00:00:00","date_gmt":"2013-10-02T03:00:00","guid":{"rendered":"https:\/\/hostnetart.com.br\/baixada\/terceirizados-do-itau-denunciam-baixos-salarios-e-falta-de-expectativas\/"},"modified":"2013-10-02T00:00:00","modified_gmt":"2013-10-02T03:00:00","slug":"terceirizados-do-itau-denunciam-baixos-salarios-e-falta-de-expectativas","status":"publish","type":"post","link":"https:\/\/hostnetart.com.br\/baixada\/terceirizados-do-itau-denunciam-baixos-salarios-e-falta-de-expectativas\/","title":{"rendered":"Terceirizados do Ita\u00fa denunciam baixos sal\u00e1rios e falta de expectativas"},"content":{"rendered":"<p>S\u00e3o Paulo \u2013 De um lado da Avenida Lins de Vasconcelos, trabalhadores sem expectativas ou sonhos se depender de suas condi\u00e7\u00f5es financeiras. Eles s\u00e3o empregados pela Micheletti Processamentos, por sua vez, contratada pelo Ita\u00fa. Recebem em m\u00e9dia um sal\u00e1rio m\u00ednimo pelo trabalho que antes era feito por banc\u00e1rios.<\/p>\n<p>\u00a0<\/p>\n<p>Do outro lado da avenida, alguns banc\u00e1rios, em greve, com uma trajet\u00f3ria de luta e algumas conquistas arrancadas com muita luta. Neste 13\u00ba dia de greve da categoria, eles est\u00e3o mais um ano lutando por aumento real, piso melhor, PLR maior, valoriza\u00e7\u00e3o dos vales e melhores condi\u00e7\u00f5es de trabalho, reivindica\u00e7\u00f5es que s\u00f3 avan\u00e7am com mobiliza\u00e7\u00e3o.<\/p>\n<p>\u00a0<\/p>\n<p>Todos esses funcion\u00e1rios trabalham juntos nos cinco andares do pr\u00e9dio do GPSA, concentra\u00e7\u00e3o do Ita\u00fa localizada na Vila Mariana. Em mais um dia de greve da categoria eles pararam a microfilmagem e a confer\u00eancia de cheques, al\u00e9m da ag\u00eancia que funciona no local.<\/p>\n<p>\u00a0<\/p>\n<p>Em comum, enfrentam a falta de expectativa na carreira. Enquanto os terceirizados sofrem com as dificuldades ao receber sal\u00e1rios t\u00e3o rebaixados e n\u00e3o terem quase nenhum aux\u00edlio, os banc\u00e1rios reclamam da estagna\u00e7\u00e3o na carreira e do aumento da terceiriza\u00e7\u00e3o que precariza o trabalho no pa\u00eds.<\/p>\n<p>\u00a0<\/p>\n<p>\u201cUma empresa como essa, em minha opini\u00e3o, n\u00e3o tem responsabilidade com nada, e esses funcion\u00e1rios acessam dossi\u00eas com informa\u00e7\u00f5es de clientes sem as orienta\u00e7\u00f5es desejadas para esse trabalho. \u00c9 um absurdo\u201d, protesta uma funcion\u00e1ria, banc\u00e1ria h\u00e1 sete anos. Do outro lado da rua, a express\u00e3o dos jovens com cerca de 20 anos, pressionados pessoalmente e por telefone, era de apreens\u00e3o.<\/p>\n<p>\u00a0<\/p>\n<p>Procuradas pelo Sindicato para falar sobre suas condi\u00e7\u00f5es de trabalho, duas trabalhadoras mostraram empolga\u00e7\u00e3o, um desabafo para desatar o n\u00f3 na garganta de quem demora duas horas para chegar ao trabalho e n\u00e3o tem as mesmas condi\u00e7\u00f5es da categoria banc\u00e1ria. Mas logo s\u00e3o assediadas pela supervisora. \u201cDesculpa, n\u00e3o poderemos falar\u201d, dizem com ar de constrangimento. A supervisora, nervosa, informa que n\u00e3o falar\u00e1 com ningu\u00e9m do Sindicato e fica de olho nos funcion\u00e1rios do setor de microfilmagem.<\/p>\n<p>\u00a0<\/p>\n<p>Por volta das 8h40 todos os terceirizados foram dispensados e sa\u00edram felizes, engrossando a greve da categoria. Os banc\u00e1rios tamb\u00e9m seguem em greve. \u201cHoje foi um dia D para o Sindicato ajudar a parar esse lugar\u201d, diz um dos banc\u00e1rios. O setor, estrat\u00e9gico para o Ita\u00fa, presta suporte a 1,9 mil ag\u00eancias em todo o pa\u00eds e \u00e9 respons\u00e1vel pela confer\u00eancia de 250 mil cheques por dia. \u201cMas hoje, dia 1\u00ba, esse n\u00famero chega a 450 mil cheques\u201d, explica.<\/p>\n<p>\u00a0<\/p>\n<p>\u00a0<\/p>\n<p><strong>Falta respeito e valoriza\u00e7\u00e3o<\/strong><\/p>\n<p>\u00a0<\/p>\n<p>Os banc\u00e1rios n\u00e3o est\u00e3o na greve somente por aumento real. Condi\u00e7\u00f5es de trabalho, valoriza\u00e7\u00e3o, fim das metas abusivas s\u00e3o algumas das reivindica\u00e7\u00f5es que tamb\u00e9m n\u00e3o avan\u00e7aram nas mesas de negocia\u00e7\u00e3o.<\/p>\n<p>\u00a0<\/p>\n<p>Um dos banc\u00e1rios do GPSA reclama que todo ano \u00e9 necess\u00e1rio parar para que banqueiros respondam aos trabalhadores com uma proposta melhor. \u201cIsso tudo n\u00e3o \u00e9 necess\u00e1rio para os bancos. Mas sou banc\u00e1rio h\u00e1 25 anos e sei que se n\u00e3o for assim nada anda.\u201d O trabalhador nunca teve uma promo\u00e7\u00e3o. \u201cS\u00e3o muitas promessas e promo\u00e7\u00e3o mesmo nada. Meu sonho era trabalhar no banco. No fim da minha carreira estou frustrado.<\/p>\n<p>\u00a0<\/p>\n<p>Imagina quem est\u00e1 entrando no Ita\u00fa hoje, nesse cen\u00e1rio prec\u00e1rio? \u00c9 outro banco\u201d, diz. Outro desabafa: \u201cComo eu me sinto? Me sinto um lixo!\u201d Ele trabalha h\u00e1 dez anos no banco, nunca teve promo\u00e7\u00e3o. \u201cN\u00e3o tenho expectativa de nada. Fa\u00e7o a mesma coisa que os colegas e ganho menos. Tenho fam\u00edlia pra cuidar e n\u00e3o tenho nenhum incentivo de carreira, nenhuma facilidade para estudar. Eu n\u00e3o quero que as coisas melhorem s\u00f3 pra mim, quero melhoria para todos que est\u00e3o na minha situa\u00e7\u00e3o, quero o justo, o correto\u201d.<\/p>\n<p>A greve continua, e as queixas dos trabalhadores n\u00e3o param por a\u00ed: geladeira quebrada, poucos aparelhos micro-ondas para esquentar as marmitas, bot\u00f5es do elevador quebrados. \u201cFaz um ano que n\u00e3o vejo algu\u00e9m fazendo manuten\u00e7\u00e3o nesse elevador\u201d, relata outro.<\/p>\n<p>\u00a0<\/p>\n<p>\u00a0<\/p>\n<p><strong>PL 4330<\/strong><\/p>\n<p>\u00a0<\/p>\n<p>Situa\u00e7\u00f5es como as dos terceirizados do Ita\u00fa podem tornar-se ainda mais frequentes, caso seja aprovado o PL 4330, de autoria do deputado federal Sandro Mabel (PMDB-GO). O projeto de lei na pr\u00e1tica legaliza a terceiriza\u00e7\u00e3o fraudulenta para atuar em atividades-fim da empresa, ou seja, uma esp\u00e9cie de subcontrata\u00e7\u00e3o.<\/p>\n<p>\u00a0<\/p>\n<p>Fonte: Seeb S\u00e3o Paulo<\/p>\n","protected":false},"excerpt":{"rendered":"<p>S\u00e3o Paulo \u2013 De um lado da Avenida Lins de Vasconcelos, trabalhadores sem expectativas ou sonhos se depender de suas condi\u00e7\u00f5es financeiras. Eles s\u00e3o empregados pela Micheletti Processamentos, por sua vez, contratada pelo Ita\u00fa. Recebem em m\u00e9dia um sal\u00e1rio m\u00ednimo pelo trabalho que antes era feito por banc\u00e1rios. \u00a0 Do outro lado da avenida, alguns [&hellip;]<\/p>\n","protected":false},"author":1,"featured_media":0,"comment_status":"","ping_status":"","sticky":false,"template":"","format":"standard","meta":{"footnotes":""},"categories":[3],"tags":[],"class_list":["post-1531","post","type-post","status-publish","format-standard","hentry","category-noticias"],"_links":{"self":[{"href":"https:\/\/hostnetart.com.br\/baixada\/wp-json\/wp\/v2\/posts\/1531","targetHints":{"allow":["GET"]}}],"collection":[{"href":"https:\/\/hostnetart.com.br\/baixada\/wp-json\/wp\/v2\/posts"}],"about":[{"href":"https:\/\/hostnetart.com.br\/baixada\/wp-json\/wp\/v2\/types\/post"}],"author":[{"embeddable":true,"href":"https:\/\/hostnetart.com.br\/baixada\/wp-json\/wp\/v2\/users\/1"}],"replies":[{"embeddable":true,"href":"https:\/\/hostnetart.com.br\/baixada\/wp-json\/wp\/v2\/comments?post=1531"}],"version-history":[{"count":0,"href":"https:\/\/hostnetart.com.br\/baixada\/wp-json\/wp\/v2\/posts\/1531\/revisions"}],"wp:attachment":[{"href":"https:\/\/hostnetart.com.br\/baixada\/wp-json\/wp\/v2\/media?parent=1531"}],"wp:term":[{"taxonomy":"category","embeddable":true,"href":"https:\/\/hostnetart.com.br\/baixada\/wp-json\/wp\/v2\/categories?post=1531"},{"taxonomy":"post_tag","embeddable":true,"href":"https:\/\/hostnetart.com.br\/baixada\/wp-json\/wp\/v2\/tags?post=1531"}],"curies":[{"name":"wp","href":"https:\/\/api.w.org\/{rel}","templated":true}]}}