{"id":15305,"date":"2024-05-16T14:09:18","date_gmt":"2024-05-16T17:09:18","guid":{"rendered":"https:\/\/hostnetart.com.br\/baixada\/bancarios-se-preparam-para-conferencia-nacional-da-categoria\/"},"modified":"2024-05-16T14:09:18","modified_gmt":"2024-05-16T17:09:18","slug":"bancarios-se-preparam-para-conferencia-nacional-da-categoria","status":"publish","type":"post","link":"https:\/\/hostnetart.com.br\/baixada\/bancarios-se-preparam-para-conferencia-nacional-da-categoria\/","title":{"rendered":"Banc\u00e1rios se preparam para Confer\u00eancia Nacional da categoria"},"content":{"rendered":"<p>Banc\u00e1rias e banc\u00e1rios de todo o pa\u00eds se re\u00fanem, em S\u00e3o Paulo, entre os dias 4 e 9 de junho, para definirem a pauta de reivindica\u00e7\u00f5es da categoria. De 4 a 6 de junho ocorrem os congressos e encontros nacionais dos trabalhadores de cada banco em espec\u00edfico e de 7 a 9 de junho ocorre a 26\u00aa Confer\u00eancia Nacional das Banc\u00e1rias e dos Banc\u00e1rios, com o objetivo de definir a pauta de reivindica\u00e7\u00f5es e a estrat\u00e9gia de atua\u00e7\u00e3o e de negocia\u00e7\u00f5es com os bancos na Campanha Nacional.<\/p>\n<p>Inicialmente, a confer\u00eancia havia sido pensada para ocorrer de forma totalmente presencial, com seus mais de 600 delegados reunidos para debater sobre os temas de interesse da categoria, levando em conta a conjuntura pol\u00edtica e social do pa\u00eds. Mas, para n\u00e3o prejudicar a participa\u00e7\u00e3o da delega\u00e7\u00e3o do Rio Grande do Sul, os representantes do estado poder\u00e3o participar remotamente.<\/p>\n<p>\u201cNossa campanha \u00e9 constru\u00edda desde as ag\u00eancias banc\u00e1rias e departamentos administrativos dos bancos. Toda banc\u00e1ria e todo banc\u00e1rio tem a oportunidade de ajudar a definir nossa pauta de reivindica\u00e7\u00f5es\u201d, explicou a presidenta da Confedera\u00e7\u00e3o Nacional dos Trabalhadores do Ramo Financeiro (Contraf-CUT) e coordenadora do Comando Nacional dos Banc\u00e1rios, Juvandia Moreira, ao se referir \u00e0 Consulta Nacional aos Banc\u00e1rios, que \u00e9 realizada a cada campanha. Neste ano, os banc\u00e1rios podem\u00a0<a href=\"https:\/\/consultabancarios2024.votabem.com.br\/\" target=\"_blank\" rel=\"noopener noreferrer\">participar e ajudar a definir as prioridades da campanha<\/a>\u00a0at\u00e9 o dia 2 de junho.<\/p>\n<p>\u201cAs confer\u00eancias estaduais e regionais e os encontros de bancos p\u00fablicos e privados complementam as propostas da base. Depois, na Confer\u00eancia Nacional, se define o que vamos colocar na mesa de negocia\u00e7\u00f5es e quais s\u00e3o os enfoques que vamos dar \u00e0 nossa Campanha\u201d, completou a presidenta da Contraf-CUT.<\/p>\n<p><strong>Leia tamb\u00e9m:<br \/>&gt;&gt;&gt;&gt;&gt;<\/strong>\u00a0<a href=\"https:\/\/contrafcut.com.br\/noticias\/bancarios-vao-comecar-a-mobilizacao-para-a-campanha-nacional\/\" target=\"_blank\" rel=\"noopener noreferrer\">Banc\u00e1rios v\u00e3o come\u00e7ar a mobiliza\u00e7\u00e3o para a Campanha Nacional<\/a><\/p>\n<h3><strong>Organiza\u00e7\u00e3o e mobiliza\u00e7\u00e3o nacional<\/strong><\/h3>\n<p>O movimento sindical banc\u00e1rio \u00e9 refer\u00eancia para outras categorias pela grande organiza\u00e7\u00e3o e mobiliza\u00e7\u00e3o de suas campanhas. E isso s\u00f3 acontece porque todas as banc\u00e1rias e todos os banc\u00e1rios podem participar desde a defini\u00e7\u00e3o das prioridades e estrat\u00e9gias da campanha, at\u00e9 a aprova\u00e7\u00e3o final das cl\u00e1usulas da Conven\u00e7\u00e3o Coletiva de Trabalho (CCT) da categoria e dos acordos espec\u00edficos por bancos.<\/p>\n<p>Isso contribui para que a campanha se fundamente nos reais anseios da categoria, que se v\u00ea verdadeiramente representada na pauta de reivindica\u00e7\u00f5es e, at\u00e9 mesmo por isso, participa das atividades propostas pelo Comando Nacional e pelos seus sindicatos.<\/p>\n<p>\u201cOs banc\u00e1rios, organizados por seus sindicatos, federa\u00e7\u00f5es e pela Contraf-CUT e o Comando Nacional, se mobilizam e se unem na luta para garantir seus direitos e obter novas conquistas\u201d, observou Juvandia.<\/p>\n<p>A presidenta da Contraf-CUT ressalta, por\u00e9m, que a campanha da categoria \u00e9 constante. \u201cOs dirigentes sindicais est\u00e3o presentes em suas bases, em cada ag\u00eancia e departamento administrativo dos bancos, para acompanhar o dia a dia de trabalho e saber quais s\u00e3o os problemas que afetam as trabalhadoras e os trabalhadores e quais s\u00e3o seus anseios, o que eles querem, o que eles precisam para desenvolver suas tarefas profissionais em um ambiente saud\u00e1vel, com seguran\u00e7a. Sabendo disso, nas mesas de negocia\u00e7\u00f5es permanentes, os dirigentes sindicais defendem as banc\u00e1rias e banc\u00e1rios e a valoriza\u00e7\u00e3o do trabalho de cada um, para que, com direitos e remunera\u00e7\u00e3o adequada, a categoria possa ter uma vida digna com suas fam\u00edlias\u201d, disse.<\/p>\n<p>Juvandia alerta, no entanto, que as entidades e dirigentes sindicais sozinhos podem fazer muito pouco. \u201cPara lutar pela resolu\u00e7\u00e3o dos problemas que afligem a categoria e pela valoriza\u00e7\u00e3o do trabalho banc\u00e1rio, \u00e9 preciso que cada trabalhadora, cada trabalhador tamb\u00e9m esteja antenado nas quest\u00f5es que s\u00e3o apresentadas pelos sindicatos e participe das atividades propostas. Com organiza\u00e7\u00e3o, uni\u00e3o e participa\u00e7\u00e3o de todos somos mais fortes! \u00c9 isso que nos possibilita alcan\u00e7ar grandes objetivos\u201d, completou.<\/p>\n<p><strong>Veja abaixo o calend\u00e1rio de atividades:<\/strong><\/p>\n<ul>\n<li><a href=\"https:\/\/consultabancarios2024.votabem.com.br\/\" target=\"_blank\" rel=\"noopener noreferrer\">Consulta Nacional \u00e0 categoria<\/a>: at\u00e9 2 de junho<\/li>\n<li><a href=\"https:\/\/feeb-spms.org.br\/conferencia-interestadual-aprova-eixos-para-conferencia-nacional-de-2024\/\" target=\"_blank\" rel=\"noopener noreferrer\">Confer\u00eancia da Feeb SP\/MS<\/a>: 11 e 12 abril (j\u00e1 realizada)<\/li>\n<li><a href=\"https:\/\/www.fetrafisc.org\/post\/fetrafi-sc-realiza-26%C2%AA-confer%C3%AAncia-estadual-dos-trabalhadores-do-ramo-financeiro-de-santa-catarina\" target=\"_blank\" rel=\"noopener noreferrer\">Confer\u00eancia da Fetrafi SC:<\/a>\u00a026 a 28 de abril (j\u00e1 realizada)<\/li>\n<li><a href=\"https:\/\/fetrafine.org.br\/xiii-conferencia-regional-da-fetrafi-ne-estrategias-sindicais-desafios-e-compromissos-para-2024\/\" target=\"_blank\" rel=\"noopener noreferrer\">Confer\u00eancia da Fetrafi NE<\/a>: 3 a 5 de maio (j\u00e1 realizada)<\/li>\n<li><a href=\"https:\/\/www.fetecpr.org.br\/2024\/05\/08\/veja-o-clipe-que-reune-imagens-da-6-a-conferencia-estadual-das-bancarias-e-bancarios-do-parana\/\" target=\"_blank\" rel=\"noopener noreferrer\">Confer\u00eancia da Fetec PR<\/a>: 4 e 5 de maio (j\u00e1 realizada)<\/li>\n<li><a href=\"https:\/\/www.feteccn.com.br\/federacao-centro-norte\/rodrigo-britto-assume-a-presidencia-da-fetec-cutcn-na-abertura-da-17a-conferencia-regional\/\" target=\"_blank\" rel=\"noopener noreferrer\">Confer\u00eancia da Fetec CN<\/a>: 14 e 15 maio (j\u00e1 realizada)<\/li>\n<li><a href=\"https:\/\/federarj.org.br\/destaque-principal\/conferencia-estadual-dos-as-bancarios-as-sera-sexta-e-sabado\/2763\/\" target=\"_blank\" rel=\"noopener noreferrer\">Confer\u00eancia da Federa RJ<\/a>: 17 e 18 de maio<\/li>\n<li><a href=\"https:\/\/fetrafimg.org.br\/beta\/26a-conferencia-estadual-dos-bancarios-de-minas-gerais-sera-realizada-de-17-a-19-de-maio\/\" target=\"_blank\" rel=\"noopener noreferrer\">Confer\u00eancia da Fetrafi MG<\/a>: 17 e 18 de maio<\/li>\n<li><a href=\"https:\/\/bancariospa.org.br\/inscricoes-abertas-para-o-16-congresso-nacional-do-banco-da-amazonia\/\" target=\"_blank\" rel=\"noopener noreferrer\">16\u00ba Congresso Nacional dos Empregados do Banco da Amaz\u00f4nia:<\/a>\u00a018 de maio<\/li>\n<li><a href=\"https:\/\/www.bancariosrs.com.br\/noticia\/3291\/fetrafi-rs-suspende-encontros-por-bancos-e-conferencia-estadual\" target=\"_blank\" rel=\"noopener noreferrer\">Confer\u00eancia da Fetrafi RS<\/a>: estava marcada para acontecer dia 18 de maio, mas foi suspensa em decorr\u00eancia do estado de calamidade no Rio Grande do Sul.<\/li>\n<li><a href=\"https:\/\/www.bancariosrs.com.br\/noticia\/3291\/fetrafi-rs-suspende-encontros-por-bancos-e-conferencia-estadual\" target=\"_blank\" rel=\"noopener noreferrer\">Confer\u00eancia da Fetraf RJ\/ES<\/a>: 18 de maio<\/li>\n<li><a href=\"https:\/\/feebbase.com.br\/site\/destaques\/26%C2%AA-conferencia-bahia-e-sergipe-sera-na-proxima-semana\" target=\"_blank\" rel=\"noopener noreferrer\">Confer\u00eancia da Feeb BA\/SE<\/a>: 18 e 19 de maio<\/li>\n<li>Confer\u00eancia da Fetec SP: 25 de maio<\/li>\n<li>Congresso Nacional dos Funcion\u00e1rios do BNB: 30 de maio a 1\u00ba junho<\/li>\n<li>39\u00ba Congresso dos Empregados da Caixa: 4 a 6 de junho<\/li>\n<li>34\u00ba Congresso Nacional dos Funcion\u00e1rios do Banco do Brasil: 4 a 6 de junho<\/li>\n<li>Encontro Nacional dos Empregados de Bancos Privados (Bradesco, Ita\u00fa, Mercantil do Brasil e Santander)<\/li>\n<li>26\u00aa Confer\u00eancia Nacional dos Banc\u00e1rios: 7 a 9 de junho<\/li>\n<li>Entrega da Minuta de Reivindica\u00e7\u00f5es: data ainda n\u00e3o definida<\/li>\n<\/ul>\n<p><strong>Fonte: Contraf-CUT<\/strong><\/p>\n","protected":false},"excerpt":{"rendered":"<p>Banc\u00e1rias e banc\u00e1rios de todo o pa\u00eds se re\u00fanem, em S\u00e3o Paulo, entre os dias 4 e 9 de junho, para definirem a pauta de reivindica\u00e7\u00f5es da categoria. De 4 a 6 de junho ocorrem os congressos e encontros nacionais dos trabalhadores de cada banco em espec\u00edfico e de 7 a 9 de junho ocorre [&hellip;]<\/p>\n","protected":false},"author":2,"featured_media":15304,"comment_status":"","ping_status":"","sticky":false,"template":"","format":"standard","meta":{"footnotes":""},"categories":[3],"tags":[],"class_list":["post-15305","post","type-post","status-publish","format-standard","has-post-thumbnail","hentry","category-noticias"],"_links":{"self":[{"href":"https:\/\/hostnetart.com.br\/baixada\/wp-json\/wp\/v2\/posts\/15305","targetHints":{"allow":["GET"]}}],"collection":[{"href":"https:\/\/hostnetart.com.br\/baixada\/wp-json\/wp\/v2\/posts"}],"about":[{"href":"https:\/\/hostnetart.com.br\/baixada\/wp-json\/wp\/v2\/types\/post"}],"author":[{"embeddable":true,"href":"https:\/\/hostnetart.com.br\/baixada\/wp-json\/wp\/v2\/users\/2"}],"replies":[{"embeddable":true,"href":"https:\/\/hostnetart.com.br\/baixada\/wp-json\/wp\/v2\/comments?post=15305"}],"version-history":[{"count":0,"href":"https:\/\/hostnetart.com.br\/baixada\/wp-json\/wp\/v2\/posts\/15305\/revisions"}],"wp:featuredmedia":[{"embeddable":true,"href":"https:\/\/hostnetart.com.br\/baixada\/wp-json\/wp\/v2\/media\/15304"}],"wp:attachment":[{"href":"https:\/\/hostnetart.com.br\/baixada\/wp-json\/wp\/v2\/media?parent=15305"}],"wp:term":[{"taxonomy":"category","embeddable":true,"href":"https:\/\/hostnetart.com.br\/baixada\/wp-json\/wp\/v2\/categories?post=15305"},{"taxonomy":"post_tag","embeddable":true,"href":"https:\/\/hostnetart.com.br\/baixada\/wp-json\/wp\/v2\/tags?post=15305"}],"curies":[{"name":"wp","href":"https:\/\/api.w.org\/{rel}","templated":true}]}}