{"id":15303,"date":"2024-05-15T12:51:11","date_gmt":"2024-05-15T15:51:11","guid":{"rendered":"https:\/\/hostnetart.com.br\/baixada\/bradesco-anuncia-medidas-emergenciais-para-funcionarios-no-rs\/"},"modified":"2024-05-15T12:51:11","modified_gmt":"2024-05-15T15:51:11","slug":"bradesco-anuncia-medidas-emergenciais-para-funcionarios-no-rs","status":"publish","type":"post","link":"https:\/\/hostnetart.com.br\/baixada\/bradesco-anuncia-medidas-emergenciais-para-funcionarios-no-rs\/","title":{"rendered":"Bradesco anuncia medidas emergenciais para funcion\u00e1rios no RS"},"content":{"rendered":"<\/p>\n<p>O Bradesco, em resposta ao estado de calamidade vivido no Rio Grande do Sul, anunciou uma s\u00e9rie de medidas emergenciais para apoiar seus funcion\u00e1rios no estado. As delibera\u00e7\u00f5es s\u00e3o frutos das negocia\u00e7\u00f5es do comit\u00ea de crise, com a participa\u00e7\u00e3o de representantes sindicais banc\u00e1rios da Confedera\u00e7\u00e3o Nacional dos Trabalhadores do Ramo Financeiro (Contraf-CUT), da Fetrafi-RS e do SindBanc\u00e1rios\/PoA, juntamente com membros da Federa\u00e7\u00e3o Nacional dos Bancos (Fenaban).<\/p>\n<p>As medidas visam proporcionar suporte psicol\u00f3gico, financeiro e log\u00edstico aos trabalhadores afetados pela situa\u00e7\u00e3o de emerg\u00eancia no estado. Conhe\u00e7a-as:<\/p>\n<ul>\n<li>Apoio psicol\u00f3gico: Funcion\u00e1rios, dependentes e familiares ter\u00e3o acesso a suporte psicol\u00f3gico gratuito 24 horas, por meio do canal <a href=\"tel:0800 701 1212\">0800 701 1212<\/a> ou pelo e-mail vivabem@bradesco.com.br;<\/li>\n<li>Monitoramento ativo: Assistentes sociais monitorar\u00e3o ativamente os funcion\u00e1rios diretamente impactados pela calamidade;<\/li>\n<li>Antecipa\u00e7\u00e3o do 13\u00ba sal\u00e1rio: A primeira parcela do 13\u00ba sal\u00e1rio ser\u00e1 antecipada para o dia 17 de maio;<\/li>\n<li>Vale alimenta\u00e7\u00e3o emergencial: Um vale alimenta\u00e7\u00e3o no valor de R$ 835,99 ser\u00e1 concedido em 31 de maio;<\/li>\n<li>Flexibiliza\u00e7\u00e3o de f\u00e9rias: Os funcion\u00e1rios poder\u00e3o antecipar ou prorrogar suas f\u00e9rias conforme suas necessidades;<\/li>\n<li>Abono de faltas e flexibiliza\u00e7\u00e3o da jornada: As faltas ser\u00e3o abonadas e haver\u00e1 flexibiliza\u00e7\u00e3o na jornada de trabalho, com a possibilidade de manuten\u00e7\u00e3o do trabalho remoto, se necess\u00e1rio;<\/li>\n<li>Altera\u00e7\u00e3o do VR para VA: Haver\u00e1 suporte na solicita\u00e7\u00e3o de altera\u00e7\u00e3o do direito de Vale Refei\u00e7\u00e3o (VR) para Vale Alimenta\u00e7\u00e3o (VA), sem per\u00edodo de car\u00eancia, devido \u00e0 dificuldade sist\u00eamica de acesso causada pela falta de internet;<\/li>\n<li>Telemedicina: Atendimento m\u00e9dico ser\u00e1 disponibilizado via telemedicina pelo App Bradesco Sa\u00fade;<\/li>\n<li>Empr\u00e9stimo social (VivaBem): Empr\u00e9stimo em condi\u00e7\u00f5es diferenciadas de at\u00e9 dois sal\u00e1rios, com cr\u00e9dito em at\u00e9 dois dias \u00fateis ap\u00f3s a solicita\u00e7\u00e3o, devolu\u00e7\u00e3o em 48 meses, sem juros, e car\u00eancia de seis meses para in\u00edcio do pagamento.<\/li>\n<li>\u201cEssas medidas foram planejadas para mitigar os impactos da calamidade na vida dos funcion\u00e1rios do Bradesco no Rio Grande do Sul, oferecendo o suporte necess\u00e1rio em um momento cr\u00edtico. Conforme a situa\u00e7\u00e3o evolui, novas medidas emergenciais poder\u00e3o ser adotadas para continuar atendendo \u00e0s necessidades dos trabalhadores\u201d, afirmou Magaly Fagundes, coordenadora da Comiss\u00e3o de Organiza\u00e7\u00e3o dos Empregados do Bradesco.<\/li>\n<\/ul>\n<p>\u201cA Contraf-CUT continua atenta e em di\u00e1logo constante com as institui\u00e7\u00f5es financeiras para garantir o bem-estar e a seguran\u00e7a dos trabalhadores banc\u00e1rios durante este per\u00edodo desafiador\u201d, completou Mauro Salles, secret\u00e1rio de Sa\u00fade da Contraf-CUT.<\/p>\n<p><b>Fonte: Contraf-CUT<\/b><\/p>\n","protected":false},"excerpt":{"rendered":"<p>O Bradesco, em resposta ao estado de calamidade vivido no Rio Grande do Sul, anunciou uma s\u00e9rie de medidas emergenciais para apoiar seus funcion\u00e1rios no estado. As delibera\u00e7\u00f5es s\u00e3o frutos das negocia\u00e7\u00f5es do comit\u00ea de crise, com a participa\u00e7\u00e3o de representantes sindicais banc\u00e1rios da Confedera\u00e7\u00e3o Nacional dos Trabalhadores do Ramo Financeiro (Contraf-CUT), da Fetrafi-RS e [&hellip;]<\/p>\n","protected":false},"author":2,"featured_media":15302,"comment_status":"","ping_status":"","sticky":false,"template":"","format":"standard","meta":{"footnotes":""},"categories":[3],"tags":[],"class_list":["post-15303","post","type-post","status-publish","format-standard","has-post-thumbnail","hentry","category-noticias"],"_links":{"self":[{"href":"https:\/\/hostnetart.com.br\/baixada\/wp-json\/wp\/v2\/posts\/15303","targetHints":{"allow":["GET"]}}],"collection":[{"href":"https:\/\/hostnetart.com.br\/baixada\/wp-json\/wp\/v2\/posts"}],"about":[{"href":"https:\/\/hostnetart.com.br\/baixada\/wp-json\/wp\/v2\/types\/post"}],"author":[{"embeddable":true,"href":"https:\/\/hostnetart.com.br\/baixada\/wp-json\/wp\/v2\/users\/2"}],"replies":[{"embeddable":true,"href":"https:\/\/hostnetart.com.br\/baixada\/wp-json\/wp\/v2\/comments?post=15303"}],"version-history":[{"count":0,"href":"https:\/\/hostnetart.com.br\/baixada\/wp-json\/wp\/v2\/posts\/15303\/revisions"}],"wp:featuredmedia":[{"embeddable":true,"href":"https:\/\/hostnetart.com.br\/baixada\/wp-json\/wp\/v2\/media\/15302"}],"wp:attachment":[{"href":"https:\/\/hostnetart.com.br\/baixada\/wp-json\/wp\/v2\/media?parent=15303"}],"wp:term":[{"taxonomy":"category","embeddable":true,"href":"https:\/\/hostnetart.com.br\/baixada\/wp-json\/wp\/v2\/categories?post=15303"},{"taxonomy":"post_tag","embeddable":true,"href":"https:\/\/hostnetart.com.br\/baixada\/wp-json\/wp\/v2\/tags?post=15303"}],"curies":[{"name":"wp","href":"https:\/\/api.w.org\/{rel}","templated":true}]}}