{"id":1530,"date":"2013-10-01T00:00:00","date_gmt":"2013-10-01T03:00:00","guid":{"rendered":"https:\/\/hostnetart.com.br\/baixada\/greve-dos-bancarios-entra-na-terceira-semana-com-10-822-agencias-paradas\/"},"modified":"2013-10-01T00:00:00","modified_gmt":"2013-10-01T03:00:00","slug":"greve-dos-bancarios-entra-na-terceira-semana-com-10-822-agencias-paradas","status":"publish","type":"post","link":"https:\/\/hostnetart.com.br\/baixada\/greve-dos-bancarios-entra-na-terceira-semana-com-10-822-agencias-paradas\/","title":{"rendered":"Greve dos banc\u00e1rios entra na terceira semana com 10.822 ag\u00eancias paradas"},"content":{"rendered":"<p>Nesta segunda-feira 30, a greve nacional dos banc\u00e1rios entrou na terceira semana seguindo exatamente a trajet\u00f3ria da semana passada: muito forte e crescendo em todo o pa\u00eds. Est\u00e3o paralisados nos 26 estados e no Distrito Federal 10.822 ag\u00eancias e centros administrativos, apesar da intimida\u00e7\u00e3o que a Pol\u00edcia Militar est\u00e1 fazendo em v\u00e1rios estados, a pedido dos bancos.<\/p>\n<p>\u00a0<br \/>Na sexta-feira, haviam sido paralisadas 10.633 depend\u00eancias. Em rela\u00e7\u00e3o ao primeiro dia da greve, em 19 de setembro, quando foram fechadas 6.145 ag\u00eancias, houve um crescimento de 76,1%.<\/p>\n<p>\u00a0<br \/>\u201cA intransig\u00eancia dos banqueiros deixa os banc\u00e1rios cada vez mais indignados. Eles apresentaram a \u00fanica proposta h\u00e1 25 dias, repondo apenas a infla\u00e7\u00e3o e ignorando as demais reivindica\u00e7\u00f5es econ\u00f4micas e sociais. E silenciaram diante da carta enviada sexta-feira pelo Comando Nacional manifestando a disposi\u00e7\u00e3o de negociar uma proposta que atenda \u00e0s demandas da categoria\u201d, afirma Carlos Cordeiro, presidente da Contraf-CUT e coordenador do Comando Nacional dos Banc\u00e1rios.<\/p>\n<p>\u00a0<br \/>Para a Contraf-CUT, a greve \u00e9 de responsabilidade exclusiva dos presidentes da Fenaban (Murilo Portugal), do Ita\u00fa (Roberto Set\u00fabal), do Bradesco (Luiz Carlos Trabuco), do Banco do Brasil (Aldemir Bendine), da Caixa Econ\u00f4mica Federal (Jorge Hereda), do Santander (Jes\u00fas Zabalza) e do HSBC (Andr\u00e9 Brand\u00e3o), que fecharam o processo de negocia\u00e7\u00e3o ao ignorarem a pauta de reivindica\u00e7\u00f5es dos trabalhadores.<\/p>\n<p>\u00a0<\/p>\n<p>\u00a0<\/p>\n<p><strong>\u2018Banc\u00e1rios se sentem desrespeitados\u2019<\/strong><\/p>\n<p>\u00a0<\/p>\n<p>\u201cOs banc\u00e1rios est\u00e3o se sentindo desrespeitados com a postura dos banqueiros. S\u00e3o eles que sofrem sobrecarga de trabalho cada vez maior por causa das demiss\u00f5es, e aumentam continuamente a produtividade, o fator preponderante dos lucros recordes dos bancos. E ainda veem os altos executivos sendo premiados com remunera\u00e7\u00e3o milion\u00e1ria enquanto eles s\u00e3o tratados com desd\u00e9m. Eles trabalham para enriquecer os diretores e os acionistas\u201d, protesta Carlos Cordeiro.<\/p>\n<p>\u00a0<\/p>\n<p>No Ita\u00fa, por exemplo, os executivos da diretoria receberam em 2012, em m\u00e9dia, R$ 9,05 milh\u00f5es por ano, o que representa 191,8 vezes o que ganha o banc\u00e1rio do piso. No Santander, os diretores embolsaram R$ 5,62 milh\u00f5es no ano passado, o que significa 119,2 vezes o sal\u00e1rio do caixa. E no Bradesco, que pagou R$ 5 milh\u00f5es no ano a seus executivos, a diferen\u00e7a \u00e9 de 106 vezes.<\/p>\n<p>\u00a0<\/p>\n<p>Ou seja, para ganhar a remunera\u00e7\u00e3o mensal de um executivo, o caixa do Ita\u00fa tem que trabalhar 16 anos, o do Santander 10 anos e o do Bradesco 9 anos.<\/p>\n<p>\u00a0<\/p>\n<p>\u00a0<\/p>\n<p>\u00a0<\/p>\n<p><a href=\"http:\/\/www.contrafcut.org.br\/download\/Arquivo\/13826204652.jpg\" target=\"_blank\" rel=\"noopener noreferrer\">Veja aqui\u00a0<\/a>como est\u00e1 aumentando a produtividade dos banc\u00e1rios.<\/p>\n<p>\u00a0<\/p>\n<p>E\u00a0<a href=\"http:\/\/www.contrafcut.org.br\/download\/Arquivo\/1382313552.jpg\" target=\"_blank\" rel=\"noopener noreferrer\">compare aqui<\/a>\u00a0a evolu\u00e7\u00e3o do PIB, dos sal\u00e1rios dos banc\u00e1rios e dos lucros dos bancos.<\/p>\n<p>\u00a0<\/p>\n<p>\u00a0<\/p>\n<p><strong>As principais reivindica\u00e7\u00f5es dos banc\u00e1rios<\/strong><\/p>\n<p>\u00a0<\/p>\n<p>&gt; Reajuste salarial de 11,93% (5% de aumento real al\u00e9m da infla\u00e7\u00e3o)<\/p>\n<p>&gt; PLR: tr\u00eas sal\u00e1rios mais R$ 5.553,15.<\/p>\n<p>&gt; Piso: R$ 2.860,21 (sal\u00e1rio m\u00ednimo do Dieese).<\/p>\n<p>&gt; Aux\u00edlios alimenta\u00e7\u00e3o, refei\u00e7\u00e3o, 13\u00aa cesta e aux\u00edlio-creche\/bab\u00e1: R$ 678 ao m\u00eas para cada (sal\u00e1rio m\u00ednimo nacional).<\/p>\n<p>&gt; Melhores condi\u00e7\u00f5es de trabalho, com o fim das metas abusivas e do ass\u00e9dio moral que adoece os banc\u00e1rios.<\/p>\n<p>&gt; Emprego: fim das demiss\u00f5es, mais contrata\u00e7\u00f5es, aumento da inclus\u00e3o banc\u00e1ria, combate \u00e0s terceiriza\u00e7\u00f5es, especialmente ao PL 4330 que precariza as condi\u00e7\u00f5es de trabalho, al\u00e9m da aplica\u00e7\u00e3o da Conven\u00e7\u00e3o 158 da OIT, que pro\u00edbe as dispensas imotivadas.<\/p>\n<p>&gt; Plano de Cargos, Carreiras e Sal\u00e1rios (PCCS) para todos os banc\u00e1rios.<\/p>\n<p>&gt; Aux\u00edlio-educa\u00e7\u00e3o: pagamento para gradua\u00e7\u00e3o e p\u00f3s-gradua\u00e7\u00e3o.<\/p>\n<p>&gt; Preven\u00e7\u00e3o contra assaltos e sequestros, com o fim da guarda das chaves de cofres e ag\u00eancias por banc\u00e1rios.<\/p>\n<p>&gt; Igualdade de oportunidades para banc\u00e1rios e banc\u00e1rias, com a contrata\u00e7\u00e3o de pelo menos 20% de negros e negras.<\/p>\n<p>\u00a0<br \/>Fonte: Contraf-CUT<\/p>\n","protected":false},"excerpt":{"rendered":"<p>Nesta segunda-feira 30, a greve nacional dos banc\u00e1rios entrou na terceira semana seguindo exatamente a trajet\u00f3ria da semana passada: muito forte e crescendo em todo o pa\u00eds. Est\u00e3o paralisados nos 26 estados e no Distrito Federal 10.822 ag\u00eancias e centros administrativos, apesar da intimida\u00e7\u00e3o que a Pol\u00edcia Militar est\u00e1 fazendo em v\u00e1rios estados, a pedido [&hellip;]<\/p>\n","protected":false},"author":1,"featured_media":0,"comment_status":"","ping_status":"","sticky":false,"template":"","format":"standard","meta":{"footnotes":""},"categories":[3],"tags":[],"class_list":["post-1530","post","type-post","status-publish","format-standard","hentry","category-noticias"],"_links":{"self":[{"href":"https:\/\/hostnetart.com.br\/baixada\/wp-json\/wp\/v2\/posts\/1530","targetHints":{"allow":["GET"]}}],"collection":[{"href":"https:\/\/hostnetart.com.br\/baixada\/wp-json\/wp\/v2\/posts"}],"about":[{"href":"https:\/\/hostnetart.com.br\/baixada\/wp-json\/wp\/v2\/types\/post"}],"author":[{"embeddable":true,"href":"https:\/\/hostnetart.com.br\/baixada\/wp-json\/wp\/v2\/users\/1"}],"replies":[{"embeddable":true,"href":"https:\/\/hostnetart.com.br\/baixada\/wp-json\/wp\/v2\/comments?post=1530"}],"version-history":[{"count":0,"href":"https:\/\/hostnetart.com.br\/baixada\/wp-json\/wp\/v2\/posts\/1530\/revisions"}],"wp:attachment":[{"href":"https:\/\/hostnetart.com.br\/baixada\/wp-json\/wp\/v2\/media?parent=1530"}],"wp:term":[{"taxonomy":"category","embeddable":true,"href":"https:\/\/hostnetart.com.br\/baixada\/wp-json\/wp\/v2\/categories?post=1530"},{"taxonomy":"post_tag","embeddable":true,"href":"https:\/\/hostnetart.com.br\/baixada\/wp-json\/wp\/v2\/tags?post=1530"}],"curies":[{"name":"wp","href":"https:\/\/api.w.org\/{rel}","templated":true}]}}