{"id":15295,"date":"2024-05-14T13:42:23","date_gmt":"2024-05-14T16:42:23","guid":{"rendered":"https:\/\/hostnetart.com.br\/baixada\/itau-antecipa-pagamentos-em-meio-a-crise-das-chuvas-no-rio-grande-do-sul\/"},"modified":"2024-05-14T13:42:23","modified_gmt":"2024-05-14T16:42:23","slug":"itau-antecipa-pagamentos-em-meio-a-crise-das-chuvas-no-rio-grande-do-sul","status":"publish","type":"post","link":"https:\/\/hostnetart.com.br\/baixada\/itau-antecipa-pagamentos-em-meio-a-crise-das-chuvas-no-rio-grande-do-sul\/","title":{"rendered":"Ita\u00fa antecipa pagamentos em meio \u00e0 crise das chuvas no Rio Grande do Sul"},"content":{"rendered":"<\/p>\n<p>Em decorr\u00eancia da grave situa\u00e7\u00e3o enfrentada pelos funcion\u00e1rios, por conta das enchentes no Rio Grande do Sul, o Ita\u00fa anunciou medidas para mitigar os impactos sobre seus funcion\u00e1rios. Uma delas \u00e9 a antecipa\u00e7\u00e3o da Gratifica\u00e7\u00e3o Semestral, al\u00e9m do pagamento adiantado da primeira e segunda parcelas do d\u00e9cimo terceiro sal\u00e1rio. Adicionalmente, o banco tamb\u00e9m efetuou o pagamento dos estagi\u00e1rios. Outras alternativas est\u00e3o sendo estudadas e, assim que finalizadas, ser\u00e3o divulgadas.<\/p>\n<p>A delibera\u00e7\u00e3o \u00e9 resultado da segunda reuni\u00e3o do comit\u00ea de crise, composto por representantes sindicais banc\u00e1rios da Confedera\u00e7\u00e3o Nacional dos Trabalhadores do Ramo Financeiro (Contraf-CUT), da Fetrafi-RS e do SindBanc\u00e1rios\/PoA, juntamente com membros da Federa\u00e7\u00e3o Nacional dos Bancos (Fenaban). \u00a0 \u00a0 \u00a0 \u00a0<\/p>\n<p>O secret\u00e1rio de Sa\u00fade da Contraf-CUT, Mauro Salles, avalia como positivo o an\u00fancio. \u201cMas n\u00f3s estamos reivindicando outras medidas, como a suspens\u00e3o de cobran\u00e7a de metas, de que, quem n\u00e3o puder ir trabalhar, tenha os pontos abonados e que ag\u00eancias sem condi\u00e7\u00f5es sanit\u00e1rias, como falta de \u00e1gua, n\u00e3o devem ser abertas. Tamb\u00e9m reivindicamos linha de cr\u00e9dito com prazos estendidos, sem juros, para funcion\u00e1rio atingidos, entre outras medidas\u201d, completou.<\/p>\n<p>\u201cEstamos diante de uma situa\u00e7\u00e3o cr\u00edtica e desafiadora, mas nossa prioridade \u00e9 o bem-estar e a seguran\u00e7a de nossos colegas banc\u00e1rios e suas fam\u00edlias. O Ita\u00fa est\u00e1 comprometido em oferecer todo o suporte necess\u00e1rio, neste momento dif\u00edcil, e trabalhar em conjunto com as autoridades e entidades sindicais, para enfrentarmos juntos os desafios decorrentes das chuvas no Rio Grande do Sul\u201d, pontuou o coordenador da Comiss\u00e3o de Organiza\u00e7\u00e3o dos Empregados (COE) do Ita\u00fa, Jair Alves.<\/p>\n<p><b>Fonte: Contraf-CUT<\/b><\/p>\n","protected":false},"excerpt":{"rendered":"<p>Em decorr\u00eancia da grave situa\u00e7\u00e3o enfrentada pelos funcion\u00e1rios, por conta das enchentes no Rio Grande do Sul, o Ita\u00fa anunciou medidas para mitigar os impactos sobre seus funcion\u00e1rios. Uma delas \u00e9 a antecipa\u00e7\u00e3o da Gratifica\u00e7\u00e3o Semestral, al\u00e9m do pagamento adiantado da primeira e segunda parcelas do d\u00e9cimo terceiro sal\u00e1rio. Adicionalmente, o banco tamb\u00e9m efetuou o [&hellip;]<\/p>\n","protected":false},"author":2,"featured_media":15294,"comment_status":"","ping_status":"","sticky":false,"template":"","format":"standard","meta":{"footnotes":""},"categories":[3],"tags":[],"class_list":["post-15295","post","type-post","status-publish","format-standard","has-post-thumbnail","hentry","category-noticias"],"_links":{"self":[{"href":"https:\/\/hostnetart.com.br\/baixada\/wp-json\/wp\/v2\/posts\/15295","targetHints":{"allow":["GET"]}}],"collection":[{"href":"https:\/\/hostnetart.com.br\/baixada\/wp-json\/wp\/v2\/posts"}],"about":[{"href":"https:\/\/hostnetart.com.br\/baixada\/wp-json\/wp\/v2\/types\/post"}],"author":[{"embeddable":true,"href":"https:\/\/hostnetart.com.br\/baixada\/wp-json\/wp\/v2\/users\/2"}],"replies":[{"embeddable":true,"href":"https:\/\/hostnetart.com.br\/baixada\/wp-json\/wp\/v2\/comments?post=15295"}],"version-history":[{"count":0,"href":"https:\/\/hostnetart.com.br\/baixada\/wp-json\/wp\/v2\/posts\/15295\/revisions"}],"wp:featuredmedia":[{"embeddable":true,"href":"https:\/\/hostnetart.com.br\/baixada\/wp-json\/wp\/v2\/media\/15294"}],"wp:attachment":[{"href":"https:\/\/hostnetart.com.br\/baixada\/wp-json\/wp\/v2\/media?parent=15295"}],"wp:term":[{"taxonomy":"category","embeddable":true,"href":"https:\/\/hostnetart.com.br\/baixada\/wp-json\/wp\/v2\/categories?post=15295"},{"taxonomy":"post_tag","embeddable":true,"href":"https:\/\/hostnetart.com.br\/baixada\/wp-json\/wp\/v2\/tags?post=15295"}],"curies":[{"name":"wp","href":"https:\/\/api.w.org\/{rel}","templated":true}]}}