{"id":15293,"date":"2024-05-14T12:58:08","date_gmt":"2024-05-14T15:58:08","guid":{"rendered":"https:\/\/hostnetart.com.br\/baixada\/santander-adota-medidas-em-meio-a-calamidade-no-rs\/"},"modified":"2024-05-14T12:58:08","modified_gmt":"2024-05-14T15:58:08","slug":"santander-adota-medidas-em-meio-a-calamidade-no-rs","status":"publish","type":"post","link":"https:\/\/hostnetart.com.br\/baixada\/santander-adota-medidas-em-meio-a-calamidade-no-rs\/","title":{"rendered":"Santander adota medidas em meio \u00e0 calamidade no RS"},"content":{"rendered":"<p>Com o Estado de calamidade vivida no estado do Rio Grande do Sul, o Santander anunciou tr\u00eas medidas para mitigar os impactos sobre seus mais de 1200 funcion\u00e1rios localizados nas regi\u00f5es impactadas: a antecipa\u00e7\u00e3o do d\u00e9cimo terceiro sal\u00e1rio, abono do ponto eletr\u00f4nico para as aus\u00eancias no m\u00eas de maio e o refor\u00e7o no suporte do PAPE, que acolhe n\u00e3o somente os funcion\u00e1rios, como as fam\u00edlias, num atendimento 24 horas por dia.<\/p>\n<p>Para o secret\u00e1rio de Sa\u00fade da Confedera\u00e7\u00e3o Nacional dos Trabalhadores do Ramo Financeiro (Contraf-CUT), Mauro Salles, o an\u00fancio \u00e9 positivo, \u201cmas n\u00f3s estamos reivindicando outras medidas, como a suspens\u00e3o de cobran\u00e7a de metas, e que, em caso de falta de condi\u00e7\u00f5es sanit\u00e1rias, como falta de \u00e1gua, as ag\u00eancias n\u00e3o devem ser abertas. Tamb\u00e9m reivindicamos linha de cr\u00e9dito com prazos estendidos, sem juros, para funcion\u00e1rio atingidos, entre outras medidas\u201d, informou o secret\u00e1rio, ao mencionar a segunda reuni\u00e3o do comit\u00ea de crise, composto por representantes sindicais banc\u00e1rios da Contraf-CUT, da Fetrafi-RS e do SindBanc\u00e1rios\/PoA, juntamente com membros da Federa\u00e7\u00e3o Nacional dos Bancos (Fenaban), realizada na quinta-feira (9).<\/p>\n<p>De acordo com a coordenadora da Comiss\u00e3o de Organiza\u00e7\u00e3o dos Empregados (COE) do Santander, Wanessa Queiroz, essas iniciativas s\u00e3o muto importantes e um gesto de solidariedade, para amenizar os impactos sofrido pelos funcion\u00e1rios e pela popula\u00e7\u00e3o local. \u201cN\u00f3s estaremos monitorando e reivindicando ao banco que n\u00e3o se tenha cobran\u00e7as no cumprimento das metas e redu\u00e7\u00e3o na remunera\u00e7\u00e3o vari\u00e1vel, at\u00e9 que a situa\u00e7\u00e3o seja normalizada.\u201d<\/p>\n<p>O secret\u00e1rio executivo do Sindicato dos Banc\u00e1rios de Porto Alegre e representante dos trabalhadores do Santander no estado, Casemiro Luiz, agradeceu toda a solidariedade do movimento sindical do Brasil ao povo ga\u00facho. \u201cEstamos passando pela maior cat\u00e1strofe clim\u00e1tica da hist\u00f3ria do Rio Grande do Sul, onde quase 90% das cidades do nosso estado foram afetadas pelas chuvas, que castigam o estado desde o in\u00edcio da semana passada. O que estamos vivendo hoje deve servir de alerta \u00e0 crise ambiental que o Brasil j\u00e1 est\u00e1 enfrentando. \u00c9 urgente o trabalho coletivo, tanto do poder p\u00fablico como da sociedade, por meio de a\u00e7\u00f5es mais contundentes e conscientes, para conter a destrui\u00e7\u00e3o do nosso planeta.\u201d<\/p>\n<p>Casemiro apontou que, \u201cassim como os demais bancos, o Santander tamb\u00e9m tem que entender que este \u00e9 um momento de n\u00e3o cobrar metas dos colegas que est\u00e3o em condi\u00e7\u00f5es de trabalhar, dando suporte aos clientes. Estas s\u00e3o algumas das a\u00e7\u00f5es neste momento e que, com certeza, v\u00e3o ajudar muito os trabalhadores, diante do quadro desafiador e triste, com muitas perdas materiais e de vidas.\u201d<\/p>\n<p>Ele ainda refor\u00e7ou que o SindBanc\u00e1rios e Fetrafi-RS est\u00e3o de bra\u00e7os abertos para qualquer tipo de ajuda que os colegas estejam precisando. \u201cNingu\u00e9m solta a m\u00e3o de ningu\u00e9m. Vamos juntos superar esta tristeza. Estamos trabalhando dia ap\u00f3s dia e, com certeza, teremos muito trabalho na reconstru\u00e7\u00e3o do nosso estado, que tem um papel fundamental na economia do Brasil. Somos uma categoria que tem na sua ess\u00eancia o trabalho coletivo, al\u00e9m das nossas pautas. Trabalhamos para uma sociedade mais justa e um Brasil mais igual para todos. Parab\u00e9ns a categoria banc\u00e1ria e todos que est\u00e3o solid\u00e1rios com nossos irm\u00e3os ga\u00fachos\u201d, finalizou.<\/p>\n<p><b>Fonte: Contraf-CUT<\/b><\/p>\n","protected":false},"excerpt":{"rendered":"<p>Com o Estado de calamidade vivida no estado do Rio Grande do Sul, o Santander anunciou tr\u00eas medidas para mitigar os impactos sobre seus mais de 1200 funcion\u00e1rios localizados nas regi\u00f5es impactadas: a antecipa\u00e7\u00e3o do d\u00e9cimo terceiro sal\u00e1rio, abono do ponto eletr\u00f4nico para as aus\u00eancias no m\u00eas de maio e o refor\u00e7o no suporte do [&hellip;]<\/p>\n","protected":false},"author":2,"featured_media":15292,"comment_status":"","ping_status":"","sticky":false,"template":"","format":"standard","meta":{"footnotes":""},"categories":[3],"tags":[],"class_list":["post-15293","post","type-post","status-publish","format-standard","has-post-thumbnail","hentry","category-noticias"],"_links":{"self":[{"href":"https:\/\/hostnetart.com.br\/baixada\/wp-json\/wp\/v2\/posts\/15293","targetHints":{"allow":["GET"]}}],"collection":[{"href":"https:\/\/hostnetart.com.br\/baixada\/wp-json\/wp\/v2\/posts"}],"about":[{"href":"https:\/\/hostnetart.com.br\/baixada\/wp-json\/wp\/v2\/types\/post"}],"author":[{"embeddable":true,"href":"https:\/\/hostnetart.com.br\/baixada\/wp-json\/wp\/v2\/users\/2"}],"replies":[{"embeddable":true,"href":"https:\/\/hostnetart.com.br\/baixada\/wp-json\/wp\/v2\/comments?post=15293"}],"version-history":[{"count":0,"href":"https:\/\/hostnetart.com.br\/baixada\/wp-json\/wp\/v2\/posts\/15293\/revisions"}],"wp:featuredmedia":[{"embeddable":true,"href":"https:\/\/hostnetart.com.br\/baixada\/wp-json\/wp\/v2\/media\/15292"}],"wp:attachment":[{"href":"https:\/\/hostnetart.com.br\/baixada\/wp-json\/wp\/v2\/media?parent=15293"}],"wp:term":[{"taxonomy":"category","embeddable":true,"href":"https:\/\/hostnetart.com.br\/baixada\/wp-json\/wp\/v2\/categories?post=15293"},{"taxonomy":"post_tag","embeddable":true,"href":"https:\/\/hostnetart.com.br\/baixada\/wp-json\/wp\/v2\/tags?post=15293"}],"curies":[{"name":"wp","href":"https:\/\/api.w.org\/{rel}","templated":true}]}}