{"id":15289,"date":"2024-05-14T12:54:20","date_gmt":"2024-05-14T15:54:20","guid":{"rendered":"https:\/\/hostnetart.com.br\/baixada\/comite-de-crise-reafirma-apoio-aos-bancarios\/"},"modified":"2024-05-14T12:54:20","modified_gmt":"2024-05-14T15:54:20","slug":"comite-de-crise-reafirma-apoio-aos-bancarios","status":"publish","type":"post","link":"https:\/\/hostnetart.com.br\/baixada\/comite-de-crise-reafirma-apoio-aos-bancarios\/","title":{"rendered":"Comit\u00ea de Crise reafirma apoio aos banc\u00e1rios"},"content":{"rendered":"<p>O Comit\u00ea de Crise, composto por representantes sindicais da Confedera\u00e7\u00e3o Nacional dos Trabalhadores do Ramo Financeiro (Contraf-CUT), da Federa\u00e7\u00e3o dos Trabalhadores do Ramo Financeiro do Rio Grande do Sul (Fetrafi-RS) e do Sindicato dos Banc\u00e1rios de Porto Alegre (SindBanc\u00e1rios\/PoA), junto com membros da Federa\u00e7\u00e3o Nacional dos Bancos (Fenaban), reuniu-se novamente na tarde desta segunda-feira (13), em formato digital, para avaliar a situa\u00e7\u00e3o em meio \u00e0 crise enfrentada pela regi\u00e3o.<\/p>\n<p>Depois de atualizar a situa\u00e7\u00e3o dos locais afetados, o movimento sindical reiterou a import\u00e2ncia do suporte aos trabalhadores banc\u00e1rios. Mauro Salles, secret\u00e1rio de Sa\u00fade da Contraf-CUT, destacou avan\u00e7os desde a \u00faltima reuni\u00e3o, com a resolu\u00e7\u00e3o de problemas pontuais em colabora\u00e7\u00e3o direta com os bancos. Salles reafirmou a necessidade de tranquilizar a categoria, lan\u00e7ando uma mensagem de tranquilidade aos banc\u00e1rios. Os que n\u00e3o puderem trabalhar, ter\u00e3o o ponto abonado, e n\u00e3o ser\u00e3o obrigados a bater meta. O emprego n\u00e3o est\u00e1 em risco. A qualquer situa\u00e7\u00e3o diferente, entre em contato com o seu gestor e com o seu sindicato que v\u00e3o buscar a assist\u00eancia adequada\u201d. Mauro tamb\u00e9m voltou a demandar a suspens\u00e3o da cobran\u00e7a de metas.<\/p>\n<p>Luciano Fetzner, presidente do SindBanc\u00e1rios, expressou preocupa\u00e7\u00e3o com a previs\u00e3o de uma nova onda de chuvas, ressaltando a necessidade urgente de numer\u00e1rio para evitar colapsos regionais. \u201cA prioridade deve ser a sa\u00fade das pessoas, seguida pela reconstru\u00e7\u00e3o de suas vidas\u201d, refor\u00e7ou.<\/p>\n<p>Raquel Gil, dirigente da Fetrafi-RS, solicitou maior transpar\u00eancia por parte dos bancos, pedindo que as informa\u00e7\u00f5es sejam compartilhadas com o movimento sindical antes dos an\u00fancios p\u00fablicos. \u201c\u00c9 muito importante que aconte\u00e7a, para a gente ajudar a divulgar o que foi negociado e passar mais credibilidade aos trabalhadores.\u201d<\/p>\n<p>Priscila Aguirres, tamb\u00e9m dirigente da Fetrafi-RS, destacou a import\u00e2ncia da assist\u00eancia social para toda a popula\u00e7\u00e3o, incluindo os banc\u00e1rios afetados pela crise. Ela ressaltou a necessidade de apoio dos bancos para garantir tranquilidade aos funcion\u00e1rios e \u00e0 popula\u00e7\u00e3o em geral. \u201cPor isso, eu quero refor\u00e7ar a necessidade de assist\u00eancia social para toda a popula\u00e7\u00e3o. Para al\u00e9m de toda uma cidade devastada, n\u00f3s que somos banc\u00e1rios e contamos com uma institui\u00e7\u00e3o, \u00e9 preciso que tenhamos apoio deles para ajudar os outros. Ter um m\u00ednimo de tranquilidade para poder repassar \u00e0 popula\u00e7\u00e3o.\u201d<\/p>\n<p>A Fenaban informou que j\u00e1 foram destinados R$ 126 milh\u00f5es em doa\u00e7\u00f5es para socorro \u00e0 popula\u00e7\u00e3o. Outro ponto positivo \u00e9 que n\u00e3o h\u00e1 registro de banc\u00e1rios doentes, desaparecidos ou internados. A Federa\u00e7\u00e3o garantiu ainda que todos os bancos est\u00e3o priorizando o tema das metas e est\u00e3o estudando acomoda\u00e7\u00f5es para os afetados pela crise.<\/p>\n<p>O Comit\u00ea de Crise volta a se reunir na pr\u00f3xima segunda-feira (20). Caso haja necessidade, uma reuni\u00e3o emergencial ser\u00e1 marcada no intervalo.<\/p>\n<p><b>Fonte: Contraf-CUT<\/b><\/p>\n","protected":false},"excerpt":{"rendered":"<p>O Comit\u00ea de Crise, composto por representantes sindicais da Confedera\u00e7\u00e3o Nacional dos Trabalhadores do Ramo Financeiro (Contraf-CUT), da Federa\u00e7\u00e3o dos Trabalhadores do Ramo Financeiro do Rio Grande do Sul (Fetrafi-RS) e do Sindicato dos Banc\u00e1rios de Porto Alegre (SindBanc\u00e1rios\/PoA), junto com membros da Federa\u00e7\u00e3o Nacional dos Bancos (Fenaban), reuniu-se novamente na tarde desta segunda-feira (13), [&hellip;]<\/p>\n","protected":false},"author":2,"featured_media":15288,"comment_status":"","ping_status":"","sticky":false,"template":"","format":"standard","meta":{"footnotes":""},"categories":[3],"tags":[],"class_list":["post-15289","post","type-post","status-publish","format-standard","has-post-thumbnail","hentry","category-noticias"],"_links":{"self":[{"href":"https:\/\/hostnetart.com.br\/baixada\/wp-json\/wp\/v2\/posts\/15289","targetHints":{"allow":["GET"]}}],"collection":[{"href":"https:\/\/hostnetart.com.br\/baixada\/wp-json\/wp\/v2\/posts"}],"about":[{"href":"https:\/\/hostnetart.com.br\/baixada\/wp-json\/wp\/v2\/types\/post"}],"author":[{"embeddable":true,"href":"https:\/\/hostnetart.com.br\/baixada\/wp-json\/wp\/v2\/users\/2"}],"replies":[{"embeddable":true,"href":"https:\/\/hostnetart.com.br\/baixada\/wp-json\/wp\/v2\/comments?post=15289"}],"version-history":[{"count":0,"href":"https:\/\/hostnetart.com.br\/baixada\/wp-json\/wp\/v2\/posts\/15289\/revisions"}],"wp:featuredmedia":[{"embeddable":true,"href":"https:\/\/hostnetart.com.br\/baixada\/wp-json\/wp\/v2\/media\/15288"}],"wp:attachment":[{"href":"https:\/\/hostnetart.com.br\/baixada\/wp-json\/wp\/v2\/media?parent=15289"}],"wp:term":[{"taxonomy":"category","embeddable":true,"href":"https:\/\/hostnetart.com.br\/baixada\/wp-json\/wp\/v2\/categories?post=15289"},{"taxonomy":"post_tag","embeddable":true,"href":"https:\/\/hostnetart.com.br\/baixada\/wp-json\/wp\/v2\/tags?post=15289"}],"curies":[{"name":"wp","href":"https:\/\/api.w.org\/{rel}","templated":true}]}}