{"id":15287,"date":"2024-05-10T16:50:33","date_gmt":"2024-05-10T19:50:33","guid":{"rendered":"https:\/\/hostnetart.com.br\/baixada\/mercantil-lucra-r-165-milhoes-no-1-trimestre-de-2024\/"},"modified":"2024-05-10T16:50:33","modified_gmt":"2024-05-10T19:50:33","slug":"mercantil-lucra-r-165-milhoes-no-1-trimestre-de-2024","status":"publish","type":"post","link":"https:\/\/hostnetart.com.br\/baixada\/mercantil-lucra-r-165-milhoes-no-1-trimestre-de-2024\/","title":{"rendered":"Mercantil lucra R$ 165 milh\u00f5es no 1\u00b0 trimestre de 2024"},"content":{"rendered":"<\/p>\n<div class=\"elementor-element elementor-element-194680ec elementor-widget elementor-widget-theme-post-content\" data-id=\"194680ec\" data-element_type=\"widget\" data-widget_type=\"theme-post-content.default\">\n<div class=\"elementor-widget-container\">\n<p>No 1\u00b0 trimestre de 2024, o Mercantil obteve lucro recorde de R$ 165 milh\u00f5es, com um aumento de 142% em 12 meses. Al\u00e9m disso, a carteira de cr\u00e9dito atingiu R$ 14,9 bilh\u00f5es, com alta de 22,3% no per\u00edodo de um ano.<\/p>\n<p>Para o coordenador da Comiss\u00e3o de Organiza\u00e7\u00e3o dos Empregados (COE) do banco, Marco Aur\u00e9lio Alves, os resultados recordes demonstram o esfor\u00e7o e dedica\u00e7\u00e3o das funcion\u00e1rias e funcion\u00e1rios do banco, que precisam ser cada vez mais valorizados e respeitados. \u201cO bom momento financeiro do Banco Mercantil \u00e9 reflexo dos esfor\u00e7os dos funcion\u00e1rios para o cumprimento das pesadas metas impostas. Por isso, nossa pr\u00f3xima Campanha Nacional deve ser de muita mobiliza\u00e7\u00e3o e luta, para alcan\u00e7armos a valoriza\u00e7\u00e3o ao nosso suor e respeito \u00e0s normas relativas \u00e0s boas condi\u00e7\u00f5es de trabalho e dignidade\u201d, destacou.<\/p>\n<h3><strong>Aumento da sobrecarga<\/strong><\/h3>\n<p>Segundo an\u00e1lise do Departamento Intersindical de Estat\u00edstica e Estudos Socioecon\u00f4micos (Dieese), o banco abriu 203 novos postos de trabalho em 12 meses, sendo 39 no primeiro trimestre deste ano. Entretanto, o total de clientes do banco cresceu 1,5 milh\u00e3o em rela\u00e7\u00e3o ao mesmo per\u00edodo de 2023. Sendo assim, apesar dos postos de trabalho abertos, cresce a sobrecarga de trabalho para funcion\u00e1rias e funcion\u00e1rios.<\/p>\n<p>Em nota publicada em seu site, o Sindicato dos Banc\u00e1rios de Belo Horizonte e regi\u00e3o observa que \u201capesar dos lucros exorbitantes, o banco mant\u00e9m uma postura que \u00e9, muitas vezes, prejudicial aos funcion\u00e1rios, com uma cobran\u00e7a excessiva de metas e alta rotatividade. Al\u00e9m disso, recentemente, o sindicato recebeu den\u00fancias relacionadas a poss\u00edvel divulga\u00e7\u00e3o de ranking de funcion\u00e1rios, pr\u00e1tica que est\u00e1 em desacordo com a Conven\u00e7\u00e3o Coletiva de Trabalho (CCT), e a amea\u00e7a de retirada de vigilantes dos Postos de Atendimento Avan\u00e7ado (PAAs) de Ita\u00fana e Par\u00e1 de Minas, o que poderia colocar em risco trabalhadores e clientes.\u201d<\/p>\n<p>\u201cDiante da press\u00e3o pelo cumprimento de metas cada vez mais pesadas por parte do Mercantil, \u00e9 essencial que funcion\u00e1rias e funcion\u00e1rios se associem ao sindicato. Estamos aqui por voc\u00ea, seja para tirar d\u00favidas, para prestar orienta\u00e7\u00e3o sobre seus direitos e garantias, ou combater injusti\u00e7as e abusos cometidos pelo banco\u201d, ressaltou Vanderci Ant\u00f4nio da Silva, funcion\u00e1rio do Mercantil do Brasil e diretor do sindicato.<\/p>\n<p>Veja abaixo a tabela resumo do balan\u00e7o do Mercantil ou, se preferir, <a href=\"https:\/\/contrafcut.com.br\/destaques-balanco-mercantil-1t2024\/\" target=\"_blank\" rel=\"noopener noreferrer\">leia an\u00e1lise completa feita pelo Dieese<\/a>.<\/p>\n<p><strong>Texto:<\/strong> <a href=\"https:\/\/bancariosbh.org.br\/conteudo\/8240\/mercantil-lucra-r-165-milhoes-no-1-trimestre-de-2024-mas-funcionarios-continuam-sobrecarregados\" target=\"_blank\" rel=\"noopener noreferrer\">Seeb\/BH<\/a>, com edi\u00e7\u00f5es da Contraf-CUT.<\/p>\n<div class=\"wp-block-image\">\n<figure class=\"aligncenter size-large\"><img fetchpriority=\"high\" decoding=\"async\" class=\"wp-image-310010\" src=\"https:\/\/contrafcut.com.br\/wp-content\/uploads\/2024\/05\/image.png\" sizes=\"(max-width: 1018px) 100vw, 1018px\" srcset=\"https:\/\/contrafcut.com.br\/wp-content\/uploads\/2024\/05\/image.png 1018w, https:\/\/contrafcut.com.br\/wp-content\/uploads\/2024\/05\/image-290x230.png 290w, https:\/\/contrafcut.com.br\/wp-content\/uploads\/2024\/05\/image-768x608.png 768w\" alt=\"\" width=\"1018\" height=\"806\" data-cfsrc=\"https:\/\/contrafcut.com.br\/wp-content\/uploads\/2024\/05\/image.png\" \/><\/figure>\n<\/div>\n<\/div>\n<\/div>\n<p><b>Fonte: Contraf-CUT<\/b><\/p>\n","protected":false},"excerpt":{"rendered":"<p>No 1\u00b0 trimestre de 2024, o Mercantil obteve lucro recorde de R$ 165 milh\u00f5es, com um aumento de 142% em 12 meses. Al\u00e9m disso, a carteira de cr\u00e9dito atingiu R$ 14,9 bilh\u00f5es, com alta de 22,3% no per\u00edodo de um ano. Para o coordenador da Comiss\u00e3o de Organiza\u00e7\u00e3o dos Empregados (COE) do banco, Marco Aur\u00e9lio [&hellip;]<\/p>\n","protected":false},"author":2,"featured_media":15286,"comment_status":"","ping_status":"","sticky":false,"template":"","format":"standard","meta":{"footnotes":""},"categories":[3],"tags":[],"class_list":["post-15287","post","type-post","status-publish","format-standard","has-post-thumbnail","hentry","category-noticias"],"_links":{"self":[{"href":"https:\/\/hostnetart.com.br\/baixada\/wp-json\/wp\/v2\/posts\/15287","targetHints":{"allow":["GET"]}}],"collection":[{"href":"https:\/\/hostnetart.com.br\/baixada\/wp-json\/wp\/v2\/posts"}],"about":[{"href":"https:\/\/hostnetart.com.br\/baixada\/wp-json\/wp\/v2\/types\/post"}],"author":[{"embeddable":true,"href":"https:\/\/hostnetart.com.br\/baixada\/wp-json\/wp\/v2\/users\/2"}],"replies":[{"embeddable":true,"href":"https:\/\/hostnetart.com.br\/baixada\/wp-json\/wp\/v2\/comments?post=15287"}],"version-history":[{"count":0,"href":"https:\/\/hostnetart.com.br\/baixada\/wp-json\/wp\/v2\/posts\/15287\/revisions"}],"wp:featuredmedia":[{"embeddable":true,"href":"https:\/\/hostnetart.com.br\/baixada\/wp-json\/wp\/v2\/media\/15286"}],"wp:attachment":[{"href":"https:\/\/hostnetart.com.br\/baixada\/wp-json\/wp\/v2\/media?parent=15287"}],"wp:term":[{"taxonomy":"category","embeddable":true,"href":"https:\/\/hostnetart.com.br\/baixada\/wp-json\/wp\/v2\/categories?post=15287"},{"taxonomy":"post_tag","embeddable":true,"href":"https:\/\/hostnetart.com.br\/baixada\/wp-json\/wp\/v2\/tags?post=15287"}],"curies":[{"name":"wp","href":"https:\/\/api.w.org\/{rel}","templated":true}]}}